{"id":8607,"date":"2019-12-18T21:34:11","date_gmt":"2019-12-18T21:34:11","guid":{"rendered":"https:\/\/www.radiopresidenteibanez.cl\/web\/?p=8607"},"modified":"2019-12-18T21:34:14","modified_gmt":"2019-12-18T21:34:14","slug":"en-punta-arenas-benito-baranda-dicto-charla-sobre-causas-y-posibles-soluciones-del-estallido-social","status":"publish","type":"post","link":"https:\/\/www.radiopresidenteibanez.cl\/web\/en-punta-arenas-benito-baranda-dicto-charla-sobre-causas-y-posibles-soluciones-del-estallido-social\/","title":{"rendered":"EN PUNTA ARENAS: BENITO BARANDA DICT\u00d3 CHARLA SOBRE CAUSAS Y POSIBLES SOLUCIONES DEL ESTALLIDO SOCIAL"},"content":{"rendered":"\n<p>En un encuentro organizado por el Consejo Social de la C\u00e1mara de Construcci\u00f3n de Punta Arenas, con el apoyo la empresa socia Salfa, Benito Baranda, destacado psic\u00f3logo y activista social dict\u00f3 la charla&nbsp;\u201cReflexi\u00f3n sobre el Chile de hoy: \u00bfqu\u00e9 podemos hacer para cambiar la sociedad que hemos construido?\u201d&nbsp;en la capital regional frente a m\u00e1s de una veintena de actores sociales locales.<\/p>\n\n\n\n<p>El actual vicepresidente de Am\u00e9rica Solidaria se refiri\u00f3 al estallido social ocurrido en Chile durante los \u00faltimos meses, analizando los or\u00edgenes de las demandas ciudadanas y enfoc\u00e1ndose en la desigualdad social existente en el pa\u00eds.<\/p>\n\n\n\n<p>\u201cRepasamos los cambios bruscos que hemos tenido estos \u00faltimos meses para poder analizar c\u00f3mo podemos contribuir a la soluci\u00f3n, c\u00f3mo podemos aprovechar esta crisis para hacer un salto en la toma de consciencia y tambi\u00e9n de iniciativas que modifiquen el origen de la crisis, que nos pueden ayudar a construir un Chile mejor, sobre todo en cuanto a lo relacionado a la desigualdad social que nos viene afectando desde hace tanto tiempo nuestro pa\u00eds\u201d, resumi\u00f3 el destacado ex director social del Hogar de Cristo.<\/p>\n\n\n\n<p>Benito Baranda present\u00f3 tambi\u00e9n, ante socios de la C\u00e1mara regional y empresarios de la zona, las tareas en las que se puede colaborar para solucionar el conflicto social existente hoy en el pa\u00eds: reaprender a vivir juntos, es decir, mirarse, escucharse y reconocerse para acompa\u00f1arse y ayudarse; tener un gran compromiso y excelencia en el trabajo, procurando buenas relaciones humanas; comunicarnos de manera respetuosa, sana y directa; y por \u00faltimo, sentirse parte de un cuerpo social, colaborando rigurosamente y en igualdad con otras personas (independiente de su origen).<\/p>\n\n\n\n<p>\u201cLos tres grandes actores que llevan adelante el desarrollo de las sociedades son el Estado, el mercado y la sociedad civil. Y estos tres deben cambiar mucho: el mercado debe actuar donde deba, en lugares donde efectivamente pueda aportar a conformar la sociedad; el Estado, debe cambiar sobre todo en el trato que da a la ciudadan\u00eda y en las modificaciones que debe hacer de las pol\u00edticas para que respeten los derechos de esas personas; y nosotros, como sociedad civil, tambi\u00e9n debemos cambiar y darle un trato de justicia a las dem\u00e1s personas, reconoci\u00e9ndolos como iguales. Todas estas transformaciones son cambios culturales muy fuertes y las generaciones que vienen van a permitir modificar con mayor rapidez esa cultura que nos ha asfixiado en el \u00faltimo tiempo\u201d, concluy\u00f3 Benito Baranda.<\/p>\n","protected":false},"excerpt":{"rendered":"<p>En un encuentro organizado por el Consejo Social de la C\u00e1mara de Construcci\u00f3n de Punta Arenas, con el apoyo la empresa socia Salfa, Benito Baranda, destacado psic\u00f3logo y activista social&#8230; <a class=\"read-more\" href=\"https:\/\/www.radiopresidenteibanez.cl\/web\/en-punta-arenas-benito-baranda-dicto-charla-sobre-causas-y-posibles-soluciones-del-estallido-social\/\">Leer m\u00e1s<\/a><\/p>\n","protected":false},"author":2,"featured_media":8608,"comment_status":"closed","ping_status":"closed","sticky":false,"template":"","format":"standard","meta":{"footnotes":""},"categories":[1],"tags":[],"class_list":["post-8607","post","type-post","status-publish","format-standard","has-post-thumbnail","hentry","category-cronica"],"_links":{"self":[{"href":"https:\/\/www.radiopresidenteibanez.cl\/web\/wp-json\/wp\/v2\/posts\/8607","targetHints":{"allow":["GET"]}}],"collection":[{"href":"https:\/\/www.radiopresidenteibanez.cl\/web\/wp-json\/wp\/v2\/posts"}],"about":[{"href":"https:\/\/www.radiopresidenteibanez.cl\/web\/wp-json\/wp\/v2\/types\/post"}],"author":[{"embeddable":true,"href":"https:\/\/www.radiopresidenteibanez.cl\/web\/wp-json\/wp\/v2\/users\/2"}],"replies":[{"embeddable":true,"href":"https:\/\/www.radiopresidenteibanez.cl\/web\/wp-json\/wp\/v2\/comments?post=8607"}],"version-history":[{"count":0,"href":"https:\/\/www.radiopresidenteibanez.cl\/web\/wp-json\/wp\/v2\/posts\/8607\/revisions"}],"wp:featuredmedia":[{"embeddable":true,"href":"https:\/\/www.radiopresidenteibanez.cl\/web\/wp-json\/wp\/v2\/media\/8608"}],"wp:attachment":[{"href":"https:\/\/www.radiopresidenteibanez.cl\/web\/wp-json\/wp\/v2\/media?parent=8607"}],"wp:term":[{"taxonomy":"category","embeddable":true,"href":"https:\/\/www.radiopresidenteibanez.cl\/web\/wp-json\/wp\/v2\/categories?post=8607"},{"taxonomy":"post_tag","embeddable":true,"href":"https:\/\/www.radiopresidenteibanez.cl\/web\/wp-json\/wp\/v2\/tags?post=8607"}],"curies":[{"name":"wp","href":"https:\/\/api.w.org\/{rel}","templated":true}]}}