{"id":8599,"date":"2019-12-18T21:13:32","date_gmt":"2019-12-18T21:13:32","guid":{"rendered":"https:\/\/www.radiopresidenteibanez.cl\/web\/?p=8599"},"modified":"2019-12-18T21:13:36","modified_gmt":"2019-12-18T21:13:36","slug":"fuertes-precipitaciones-de-lluvias-causo-algunas-alteraciones-en-la-ciudad-de-punta-arenas","status":"publish","type":"post","link":"https:\/\/www.radiopresidenteibanez.cl\/web\/fuertes-precipitaciones-de-lluvias-causo-algunas-alteraciones-en-la-ciudad-de-punta-arenas\/","title":{"rendered":"FUERTES PRECIPITACIONES DE LLUVIAS CAUSO ALGUNAS ALTERACIONES EN LA CIUDAD DE PUNTA ARENAS"},"content":{"rendered":"\n<p>Al parecer fue precaria la mantenci\u00f3n de los colectores de aguas lluvias y esto se pudo presenciar la jornada de este mi\u00e9rcoles en donde hasta eso de las 18 horas ya hab\u00edan ca\u00eddo cerca de 20 mil\u00edmetros de agua en la ciudad de Punta Arenas y que conllevo que varias calles y otros se anegaran.<\/p>\n\n\n\n<p>Hasta el momento se desconoce si el municipio realizar\u00e1 alg\u00fan tipo de trabajo para normalizar dicha situaci\u00f3n, por su parte tampoco se ha activado el plan de emergencia en este tipo de casos.<\/p>\n\n\n\n<p>Sin duda es fuera de lo normal que llueva esta cantidad de mil\u00edmetros en diciembre, pero expertos mencionan que siendo bien realizada las mantenciones de los colectores de aguas lluvias no deber\u00eda existir ning\u00fan problema.<\/p>\n\n\n\n<p>Imagen rr.ss<\/p>\n\n\n\n<figure class=\"wp-block-gallery columns-2 is-cropped wp-block-gallery-1 is-layout-flex wp-block-gallery-is-layout-flex\"><ul class=\"blocks-gallery-grid\"><li class=\"blocks-gallery-item\"><figure><img loading=\"lazy\" decoding=\"async\" width=\"1024\" height=\"564\" src=\"https:\/\/www.radiopresidenteibanez.cl\/web\/wp-content\/uploads\/2019\/12\/IMG_20191218_173142-1024x564.jpg\" alt=\"\" data-id=\"8600\" data-full-url=\"https:\/\/www.radiopresidenteibanez.cl\/web\/wp-content\/uploads\/2019\/12\/IMG_20191218_173142.jpg\" data-link=\"https:\/\/www.radiopresidenteibanez.cl\/web\/?attachment_id=8600\" class=\"wp-image-8600\" srcset=\"https:\/\/www.radiopresidenteibanez.cl\/web\/wp-content\/uploads\/2019\/12\/IMG_20191218_173142-1024x564.jpg 1024w, https:\/\/www.radiopresidenteibanez.cl\/web\/wp-content\/uploads\/2019\/12\/IMG_20191218_173142-300x165.jpg 300w, https:\/\/www.radiopresidenteibanez.cl\/web\/wp-content\/uploads\/2019\/12\/IMG_20191218_173142-768x423.jpg 768w, https:\/\/www.radiopresidenteibanez.cl\/web\/wp-content\/uploads\/2019\/12\/IMG_20191218_173142.jpg 1080w\" sizes=\"auto, (max-width: 1024px) 100vw, 1024px\" \/><\/figure><\/li><li class=\"blocks-gallery-item\"><figure><img loading=\"lazy\" decoding=\"async\" width=\"960\" height=\"647\" src=\"https:\/\/www.radiopresidenteibanez.cl\/web\/wp-content\/uploads\/2019\/12\/IMG_20191218_172806.jpg\" alt=\"\" data-id=\"8601\" data-full-url=\"https:\/\/www.radiopresidenteibanez.cl\/web\/wp-content\/uploads\/2019\/12\/IMG_20191218_172806.jpg\" data-link=\"https:\/\/www.radiopresidenteibanez.cl\/web\/?attachment_id=8601\" class=\"wp-image-8601\" srcset=\"https:\/\/www.radiopresidenteibanez.cl\/web\/wp-content\/uploads\/2019\/12\/IMG_20191218_172806.jpg 960w, https:\/\/www.radiopresidenteibanez.cl\/web\/wp-content\/uploads\/2019\/12\/IMG_20191218_172806-300x202.jpg 300w, https:\/\/www.radiopresidenteibanez.cl\/web\/wp-content\/uploads\/2019\/12\/IMG_20191218_172806-768x518.jpg 768w\" sizes=\"auto, (max-width: 960px) 100vw, 960px\" \/><\/figure><\/li><li class=\"blocks-gallery-item\"><figure><img loading=\"lazy\" decoding=\"async\" width=\"1024\" height=\"524\" src=\"https:\/\/www.radiopresidenteibanez.cl\/web\/wp-content\/uploads\/2019\/12\/IMG_20191218_173128-1024x524.jpg\" alt=\"\" data-id=\"8602\" data-full-url=\"https:\/\/www.radiopresidenteibanez.cl\/web\/wp-content\/uploads\/2019\/12\/IMG_20191218_173128.jpg\" data-link=\"https:\/\/www.radiopresidenteibanez.cl\/web\/?attachment_id=8602\" class=\"wp-image-8602\" srcset=\"https:\/\/www.radiopresidenteibanez.cl\/web\/wp-content\/uploads\/2019\/12\/IMG_20191218_173128-1024x524.jpg 1024w, https:\/\/www.radiopresidenteibanez.cl\/web\/wp-content\/uploads\/2019\/12\/IMG_20191218_173128-300x154.jpg 300w, https:\/\/www.radiopresidenteibanez.cl\/web\/wp-content\/uploads\/2019\/12\/IMG_20191218_173128-768x393.jpg 768w, https:\/\/www.radiopresidenteibanez.cl\/web\/wp-content\/uploads\/2019\/12\/IMG_20191218_173128.jpg 1080w\" sizes=\"auto, (max-width: 1024px) 100vw, 1024px\" \/><\/figure><\/li><\/ul><\/figure>\n","protected":false},"excerpt":{"rendered":"<p>Al parecer fue precaria la mantenci\u00f3n de los colectores de aguas lluvias y esto se pudo presenciar la jornada de este mi\u00e9rcoles en donde hasta eso de las 18 horas&#8230; <a class=\"read-more\" href=\"https:\/\/www.radiopresidenteibanez.cl\/web\/fuertes-precipitaciones-de-lluvias-causo-algunas-alteraciones-en-la-ciudad-de-punta-arenas\/\">Leer m\u00e1s<\/a><\/p>\n","protected":false},"author":2,"featured_media":8601,"comment_status":"closed","ping_status":"closed","sticky":false,"template":"","format":"standard","meta":{"footnotes":""},"categories":[1],"tags":[],"class_list":["post-8599","post","type-post","status-publish","format-standard","has-post-thumbnail","hentry","category-cronica"],"_links":{"self":[{"href":"https:\/\/www.radiopresidenteibanez.cl\/web\/wp-json\/wp\/v2\/posts\/8599","targetHints":{"allow":["GET"]}}],"collection":[{"href":"https:\/\/www.radiopresidenteibanez.cl\/web\/wp-json\/wp\/v2\/posts"}],"about":[{"href":"https:\/\/www.radiopresidenteibanez.cl\/web\/wp-json\/wp\/v2\/types\/post"}],"author":[{"embeddable":true,"href":"https:\/\/www.radiopresidenteibanez.cl\/web\/wp-json\/wp\/v2\/users\/2"}],"replies":[{"embeddable":true,"href":"https:\/\/www.radiopresidenteibanez.cl\/web\/wp-json\/wp\/v2\/comments?post=8599"}],"version-history":[{"count":0,"href":"https:\/\/www.radiopresidenteibanez.cl\/web\/wp-json\/wp\/v2\/posts\/8599\/revisions"}],"wp:featuredmedia":[{"embeddable":true,"href":"https:\/\/www.radiopresidenteibanez.cl\/web\/wp-json\/wp\/v2\/media\/8601"}],"wp:attachment":[{"href":"https:\/\/www.radiopresidenteibanez.cl\/web\/wp-json\/wp\/v2\/media?parent=8599"}],"wp:term":[{"taxonomy":"category","embeddable":true,"href":"https:\/\/www.radiopresidenteibanez.cl\/web\/wp-json\/wp\/v2\/categories?post=8599"},{"taxonomy":"post_tag","embeddable":true,"href":"https:\/\/www.radiopresidenteibanez.cl\/web\/wp-json\/wp\/v2\/tags?post=8599"}],"curies":[{"name":"wp","href":"https:\/\/api.w.org\/{rel}","templated":true}]}}