{"id":8596,"date":"2019-12-18T21:04:05","date_gmt":"2019-12-18T21:04:05","guid":{"rendered":"https:\/\/www.radiopresidenteibanez.cl\/web\/?p=8596"},"modified":"2019-12-18T21:04:09","modified_gmt":"2019-12-18T21:04:09","slug":"colision-en-el-kilometro-42-dejo-cuatro-personas-lesionadas","status":"publish","type":"post","link":"https:\/\/www.radiopresidenteibanez.cl\/web\/colision-en-el-kilometro-42-dejo-cuatro-personas-lesionadas\/","title":{"rendered":"COLISI\u00d3N EN EL KIL\u00d3METRO 42 DEJO CUATRO PERSONAS LESIONADAS"},"content":{"rendered":"\n<p>Cerca del mediod\u00eda de este mi\u00e9rcoles se produjo una violenta\ncolisi\u00f3n entre dos camionetas en el kil\u00f3metro 42 de la ruta 9 norte a la altura\nde la \u201cEstancia Lolita\u201d, en la oportunidad el hecho dejo a cuatro personas\nlesionadas las cuales fueron trasladadas por personal del Samu y Mutual de\nSeguridad hasta el Hospital Cl\u00ednico de Magallanes.<\/p>\n\n\n\n<p>En el lugar se aperson\u00f3 personal de Carabineros quienes\ntomaron el procedimiento de rigor en estos casos.<\/p>\n","protected":false},"excerpt":{"rendered":"<p>Cerca del mediod\u00eda de este mi\u00e9rcoles se produjo una violenta colisi\u00f3n entre dos camionetas en el kil\u00f3metro 42 de la ruta 9 norte a la altura de la \u201cEstancia Lolita\u201d,&#8230; <a class=\"read-more\" href=\"https:\/\/www.radiopresidenteibanez.cl\/web\/colision-en-el-kilometro-42-dejo-cuatro-personas-lesionadas\/\">Leer m\u00e1s<\/a><\/p>\n","protected":false},"author":2,"featured_media":8597,"comment_status":"closed","ping_status":"closed","sticky":false,"template":"","format":"standard","meta":{"footnotes":""},"categories":[5],"tags":[],"class_list":["post-8596","post","type-post","status-publish","format-standard","has-post-thumbnail","hentry","category-politica"],"_links":{"self":[{"href":"https:\/\/www.radiopresidenteibanez.cl\/web\/wp-json\/wp\/v2\/posts\/8596","targetHints":{"allow":["GET"]}}],"collection":[{"href":"https:\/\/www.radiopresidenteibanez.cl\/web\/wp-json\/wp\/v2\/posts"}],"about":[{"href":"https:\/\/www.radiopresidenteibanez.cl\/web\/wp-json\/wp\/v2\/types\/post"}],"author":[{"embeddable":true,"href":"https:\/\/www.radiopresidenteibanez.cl\/web\/wp-json\/wp\/v2\/users\/2"}],"replies":[{"embeddable":true,"href":"https:\/\/www.radiopresidenteibanez.cl\/web\/wp-json\/wp\/v2\/comments?post=8596"}],"version-history":[{"count":0,"href":"https:\/\/www.radiopresidenteibanez.cl\/web\/wp-json\/wp\/v2\/posts\/8596\/revisions"}],"wp:featuredmedia":[{"embeddable":true,"href":"https:\/\/www.radiopresidenteibanez.cl\/web\/wp-json\/wp\/v2\/media\/8597"}],"wp:attachment":[{"href":"https:\/\/www.radiopresidenteibanez.cl\/web\/wp-json\/wp\/v2\/media?parent=8596"}],"wp:term":[{"taxonomy":"category","embeddable":true,"href":"https:\/\/www.radiopresidenteibanez.cl\/web\/wp-json\/wp\/v2\/categories?post=8596"},{"taxonomy":"post_tag","embeddable":true,"href":"https:\/\/www.radiopresidenteibanez.cl\/web\/wp-json\/wp\/v2\/tags?post=8596"}],"curies":[{"name":"wp","href":"https:\/\/api.w.org\/{rel}","templated":true}]}}