{"id":8594,"date":"2019-12-18T20:50:20","date_gmt":"2019-12-18T20:50:20","guid":{"rendered":"https:\/\/www.radiopresidenteibanez.cl\/web\/?p=8594"},"modified":"2019-12-18T20:50:24","modified_gmt":"2019-12-18T20:50:24","slug":"antisocial-ingreso-a-vivienda-y-ataco-a-dos-mujeres-con-arma-blanca","status":"publish","type":"post","link":"https:\/\/www.radiopresidenteibanez.cl\/web\/antisocial-ingreso-a-vivienda-y-ataco-a-dos-mujeres-con-arma-blanca\/","title":{"rendered":"ANTISOCIAL INGRESO A VIVIENDA Y ATAC\u00d3 A DOS MUJERES CON ARMA BLANCA"},"content":{"rendered":"\n<p>Cerca de las 08:00 horas de esta ma\u00f1ana, hasta una vivienda\nubicada en Avenida Bulnes al llegar a calle Enrique Abello, debieron concurrir\npersonal de Carabineros quienes fueron alertados que dos mujeres fueron\nagredidas con arma blanca por un sujeto que ingreso a robar al hogar.<\/p>\n\n\n\n<p>Las mujeres lesionadas debieron ser atendidas y trasladadas\npor personal del Samu hasta las dependencias del Hospital Cl\u00ednico de Magallanes,\nas\u00ed tambi\u00e9n en la vivienda se detect\u00f3 presencia de gas pimienta el cual habr\u00eda\nsido rociado por el agresor, quien se dio a la fuga.<\/p>\n","protected":false},"excerpt":{"rendered":"<p>Cerca de las 08:00 horas de esta ma\u00f1ana, hasta una vivienda ubicada en Avenida Bulnes al llegar a calle Enrique Abello, debieron concurrir personal de Carabineros quienes fueron alertados que&#8230; <a class=\"read-more\" href=\"https:\/\/www.radiopresidenteibanez.cl\/web\/antisocial-ingreso-a-vivienda-y-ataco-a-dos-mujeres-con-arma-blanca\/\">Leer m\u00e1s<\/a><\/p>\n","protected":false},"author":2,"featured_media":1617,"comment_status":"closed","ping_status":"closed","sticky":false,"template":"","format":"standard","meta":{"footnotes":""},"categories":[1],"tags":[],"class_list":["post-8594","post","type-post","status-publish","format-standard","has-post-thumbnail","hentry","category-cronica"],"_links":{"self":[{"href":"https:\/\/www.radiopresidenteibanez.cl\/web\/wp-json\/wp\/v2\/posts\/8594","targetHints":{"allow":["GET"]}}],"collection":[{"href":"https:\/\/www.radiopresidenteibanez.cl\/web\/wp-json\/wp\/v2\/posts"}],"about":[{"href":"https:\/\/www.radiopresidenteibanez.cl\/web\/wp-json\/wp\/v2\/types\/post"}],"author":[{"embeddable":true,"href":"https:\/\/www.radiopresidenteibanez.cl\/web\/wp-json\/wp\/v2\/users\/2"}],"replies":[{"embeddable":true,"href":"https:\/\/www.radiopresidenteibanez.cl\/web\/wp-json\/wp\/v2\/comments?post=8594"}],"version-history":[{"count":0,"href":"https:\/\/www.radiopresidenteibanez.cl\/web\/wp-json\/wp\/v2\/posts\/8594\/revisions"}],"wp:featuredmedia":[{"embeddable":true,"href":"https:\/\/www.radiopresidenteibanez.cl\/web\/wp-json\/wp\/v2\/media\/1617"}],"wp:attachment":[{"href":"https:\/\/www.radiopresidenteibanez.cl\/web\/wp-json\/wp\/v2\/media?parent=8594"}],"wp:term":[{"taxonomy":"category","embeddable":true,"href":"https:\/\/www.radiopresidenteibanez.cl\/web\/wp-json\/wp\/v2\/categories?post=8594"},{"taxonomy":"post_tag","embeddable":true,"href":"https:\/\/www.radiopresidenteibanez.cl\/web\/wp-json\/wp\/v2\/tags?post=8594"}],"curies":[{"name":"wp","href":"https:\/\/api.w.org\/{rel}","templated":true}]}}