{"id":8591,"date":"2019-12-17T18:35:05","date_gmt":"2019-12-17T18:35:05","guid":{"rendered":"https:\/\/www.radiopresidenteibanez.cl\/web\/?p=8591"},"modified":"2019-12-17T18:35:10","modified_gmt":"2019-12-17T18:35:10","slug":"sml-concluye-perfiles-geneticos-de-familiares-de-victimas-del-hercules-c-130","status":"publish","type":"post","link":"https:\/\/www.radiopresidenteibanez.cl\/web\/sml-concluye-perfiles-geneticos-de-familiares-de-victimas-del-hercules-c-130\/","title":{"rendered":"SML CONCLUYE PERFILES GEN\u00c9TICOS DE FAMILIARES DE V\u00cdCTIMAS DEL H\u00c9RCULES C-130"},"content":{"rendered":"\n<p>El Servicio M\u00e9dico Legal informa que se concluy\u00f3 exitosamente el proceso de toma de muestras a los familiares de las v\u00edctimas del accidente del avi\u00f3n H\u00e9rcules C-130 en Magallanes, y ya se cuenta con la totalidad de sus perfiles gen\u00e9ticos para el proceso de identificaci\u00f3n de los fallecidos.<\/p>\n\n\n\n<p>Estos perfiles de las 37 familias de los fallecidos se usar\u00e1n para su posterior examen comparativo con los que se puedan obtener del primer grupo de evidencias ingresadas a la Unidad Gen\u00e9tica Forense (UGF) de Santiago el pasado fin de semana.<\/p>\n\n\n\n<p>Para las 14:00 horas de hoy se estima la llegada a Punta Arenas de nueva evidencia rescatada desde el lugar del accidente, la que ser\u00e1 analizada por el equipo multidisciplinario de la Red Forense SML presente en la zona, que coordina la directora de la sede regional, Dra. Maria del Carmen Bravo.<\/p>\n","protected":false},"excerpt":{"rendered":"<p>El Servicio M\u00e9dico Legal informa que se concluy\u00f3 exitosamente el proceso de toma de muestras a los familiares de las v\u00edctimas del accidente del avi\u00f3n H\u00e9rcules C-130 en Magallanes, y&#8230; <a class=\"read-more\" href=\"https:\/\/www.radiopresidenteibanez.cl\/web\/sml-concluye-perfiles-geneticos-de-familiares-de-victimas-del-hercules-c-130\/\">Leer m\u00e1s<\/a><\/p>\n","protected":false},"author":2,"featured_media":2606,"comment_status":"closed","ping_status":"closed","sticky":false,"template":"","format":"standard","meta":{"footnotes":""},"categories":[1],"tags":[],"class_list":["post-8591","post","type-post","status-publish","format-standard","has-post-thumbnail","hentry","category-cronica"],"_links":{"self":[{"href":"https:\/\/www.radiopresidenteibanez.cl\/web\/wp-json\/wp\/v2\/posts\/8591","targetHints":{"allow":["GET"]}}],"collection":[{"href":"https:\/\/www.radiopresidenteibanez.cl\/web\/wp-json\/wp\/v2\/posts"}],"about":[{"href":"https:\/\/www.radiopresidenteibanez.cl\/web\/wp-json\/wp\/v2\/types\/post"}],"author":[{"embeddable":true,"href":"https:\/\/www.radiopresidenteibanez.cl\/web\/wp-json\/wp\/v2\/users\/2"}],"replies":[{"embeddable":true,"href":"https:\/\/www.radiopresidenteibanez.cl\/web\/wp-json\/wp\/v2\/comments?post=8591"}],"version-history":[{"count":0,"href":"https:\/\/www.radiopresidenteibanez.cl\/web\/wp-json\/wp\/v2\/posts\/8591\/revisions"}],"wp:featuredmedia":[{"embeddable":true,"href":"https:\/\/www.radiopresidenteibanez.cl\/web\/wp-json\/wp\/v2\/media\/2606"}],"wp:attachment":[{"href":"https:\/\/www.radiopresidenteibanez.cl\/web\/wp-json\/wp\/v2\/media?parent=8591"}],"wp:term":[{"taxonomy":"category","embeddable":true,"href":"https:\/\/www.radiopresidenteibanez.cl\/web\/wp-json\/wp\/v2\/categories?post=8591"},{"taxonomy":"post_tag","embeddable":true,"href":"https:\/\/www.radiopresidenteibanez.cl\/web\/wp-json\/wp\/v2\/tags?post=8591"}],"curies":[{"name":"wp","href":"https:\/\/api.w.org\/{rel}","templated":true}]}}