{"id":8588,"date":"2019-12-17T15:41:30","date_gmt":"2019-12-17T15:41:30","guid":{"rendered":"https:\/\/www.radiopresidenteibanez.cl\/web\/?p=8588"},"modified":"2019-12-17T15:41:34","modified_gmt":"2019-12-17T15:41:34","slug":"gobernador-raul-suazo-visita-club-del-adulto-mayor-las-nonas-y-compromete-instalacion-de-camaras-para-reforzar-seguridad","status":"publish","type":"post","link":"https:\/\/www.radiopresidenteibanez.cl\/web\/gobernador-raul-suazo-visita-club-del-adulto-mayor-las-nonas-y-compromete-instalacion-de-camaras-para-reforzar-seguridad\/","title":{"rendered":"GOBERNADOR RA\u00daL SUAZO VISITA CLUB DEL ADULTO MAYOR \u201cLAS NONAS\u201d Y COMPROMETE INSTALACI\u00d3N DE C\u00c1MARAS PARA REFORZAR SEGURIDAD"},"content":{"rendered":"\n<p>Una sorpresiva visita fue\nla que recibi\u00f3 el club del adulto mayor \u201c<em>Las\nNonas<\/em>\u201d por parte del Gobernador de la Provincia de \u00daltima Esperanza, Ra\u00fal\nSuazo. En el encuentro, la autoridad pudo constatar en qu\u00e9 condiciones hab\u00edan\ndejado el recinto, que d\u00edas antes, fue presa de un robo mientras el lugar no\nestaba habitado.<\/p>\n\n\n\n<p>Por tal raz\u00f3n, y para\nreforzar el nivel de seguridad de la sede, el Gobernador Suazo se comprometi\u00f3\ncon la instalaci\u00f3n de c\u00e1maras en el lugar. Al respecto la autoridad provincial\nse\u00f1al\u00f3 que \u201ccomo Gobernaci\u00f3n tenemos un proyecto de adquisici\u00f3n de\nc\u00e1maras, justamente estamos en etapa de licitaci\u00f3n y hay que comprarlas. Por lo\nanterior es que tambi\u00e9n solicit\u00e9 la presencia de carabineros en esta reuni\u00f3n,\npara dar el compromiso y la se\u00f1al de que estamos atentos a lo que ocurri\u00f3, y que\nesperemos no vuelva a ocurrir. Por ello es muy importante el hecho de contar\ncon c\u00e1maras, ya que as\u00ed va a permitir monitorear el lugar y contar con\nregistros sobre lo que sucede en el entorno\u201d.<\/p>\n\n\n\n<p>Quien\ntuvo palabras para referirse al tema de la instalaci\u00f3n de c\u00e1maras fue Mar\u00eda\nPaillam\u00e1n, presidenta de este club del adulto mayor, quien considera muy buenas\nestas instancias de acercamiento, adem\u00e1s destac\u00f3 que \u201cme parece muy buena la\npropuesta que nos present\u00f3 el gobernador, porque as\u00ed se va a poder tener mayor\ncontrol y seguridad dentro de lo que pasa en este sector. Esperamos que esto se\npueda dar r\u00e1pido para as\u00ed evitar robos y situaciones semejantes. Por ello\nestamos muy agradecidas con el gesto que tuvo el gobernador\u201d.<\/p>\n\n\n\n<p>Adem\u00e1s del tema de\nseguridad, otro apartado que genera mucho inter\u00e9s por parte de este grupo\netario es lo relativo a las pensiones, sobre esto el Gobernador argument\u00f3 que \u201cantes\nera muy poco lo que sub\u00edan las pensiones, era muy poca la pol\u00edtica que estaba enfocada\nen el adulto mayor, pero hoy d\u00eda el foco se est\u00e1 poniendo en ustedes, por ello\nles quer\u00eda comentar que ya pas\u00f3 por la c\u00e1mara de diputados el proyecto de ley\nque busca aumentar las pensiones b\u00e1sicas en un 50% para las personas mayores de\n80 a\u00f1os\u201d.<\/p>\n\n\n\n<p>Al\nfinalizar la reuni\u00f3n, todos quedaron muy satisfechos con los temas tratados,\nespecialmente por el hecho de que se estableci\u00f3 que, entre enero o inicios de\nfebrero, las c\u00e1maras estar\u00e1n instaladas, dando as\u00ed, un mayor nivel de seguridad\na todos los miembros de este club.<\/p>\n","protected":false},"excerpt":{"rendered":"<p>Una sorpresiva visita fue la que recibi\u00f3 el club del adulto mayor \u201cLas Nonas\u201d por parte del Gobernador de la Provincia de \u00daltima Esperanza, Ra\u00fal Suazo. En el encuentro, la&#8230; <a class=\"read-more\" href=\"https:\/\/www.radiopresidenteibanez.cl\/web\/gobernador-raul-suazo-visita-club-del-adulto-mayor-las-nonas-y-compromete-instalacion-de-camaras-para-reforzar-seguridad\/\">Leer m\u00e1s<\/a><\/p>\n","protected":false},"author":2,"featured_media":8589,"comment_status":"closed","ping_status":"closed","sticky":false,"template":"","format":"standard","meta":{"footnotes":""},"categories":[1],"tags":[],"class_list":["post-8588","post","type-post","status-publish","format-standard","has-post-thumbnail","hentry","category-cronica"],"_links":{"self":[{"href":"https:\/\/www.radiopresidenteibanez.cl\/web\/wp-json\/wp\/v2\/posts\/8588","targetHints":{"allow":["GET"]}}],"collection":[{"href":"https:\/\/www.radiopresidenteibanez.cl\/web\/wp-json\/wp\/v2\/posts"}],"about":[{"href":"https:\/\/www.radiopresidenteibanez.cl\/web\/wp-json\/wp\/v2\/types\/post"}],"author":[{"embeddable":true,"href":"https:\/\/www.radiopresidenteibanez.cl\/web\/wp-json\/wp\/v2\/users\/2"}],"replies":[{"embeddable":true,"href":"https:\/\/www.radiopresidenteibanez.cl\/web\/wp-json\/wp\/v2\/comments?post=8588"}],"version-history":[{"count":0,"href":"https:\/\/www.radiopresidenteibanez.cl\/web\/wp-json\/wp\/v2\/posts\/8588\/revisions"}],"wp:featuredmedia":[{"embeddable":true,"href":"https:\/\/www.radiopresidenteibanez.cl\/web\/wp-json\/wp\/v2\/media\/8589"}],"wp:attachment":[{"href":"https:\/\/www.radiopresidenteibanez.cl\/web\/wp-json\/wp\/v2\/media?parent=8588"}],"wp:term":[{"taxonomy":"category","embeddable":true,"href":"https:\/\/www.radiopresidenteibanez.cl\/web\/wp-json\/wp\/v2\/categories?post=8588"},{"taxonomy":"post_tag","embeddable":true,"href":"https:\/\/www.radiopresidenteibanez.cl\/web\/wp-json\/wp\/v2\/tags?post=8588"}],"curies":[{"name":"wp","href":"https:\/\/api.w.org\/{rel}","templated":true}]}}