{"id":8585,"date":"2019-12-17T15:38:11","date_gmt":"2019-12-17T15:38:11","guid":{"rendered":"https:\/\/www.radiopresidenteibanez.cl\/web\/?p=8585"},"modified":"2019-12-17T15:38:34","modified_gmt":"2019-12-17T15:38:34","slug":"sindicato-de-trabajadores-no-es-efectivo-que-enap-este-siendo-investigada-por-la-pdi-por-calidad-del-kerosene-entregado-a-la-fach","status":"publish","type":"post","link":"https:\/\/www.radiopresidenteibanez.cl\/web\/sindicato-de-trabajadores-no-es-efectivo-que-enap-este-siendo-investigada-por-la-pdi-por-calidad-del-kerosene-entregado-a-la-fach\/","title":{"rendered":"SINDICATO DE TRABAJADORES  \u201cNO ES EFECTIVO QUE ENAP ESTE SIENDO INVESTIGADA POR LA PDI POR CALIDAD DEL KEROSENE ENTREGADO A LA FACH\u201d"},"content":{"rendered":"\n<p><em>El\nSindicato de Trabajadores de Enap a trav\u00e9s de su presidente Alejandro Avenda\u00f1o\nGallardo declaro: a ra\u00edz de un par de informaciones que ha salido en medios\nlocales y que se\u00f1ala <strong>\u201cPDI investiga a\nENAP calidad del kerosene a la FACH por accidente del H\u00e9rcules C-130\u201d<\/strong>\nqueremos se\u00f1alar en forma categ\u00f3rica que no es efectivo, la PDI no ha ingresado\na recintos de Enap a solicitar antecedentes sobre este tema.<\/em><\/p>\n\n\n\n<p><em>A\nla vez hay que se\u00f1alar que el kerosene de aviaci\u00f3n cumple estrictamente la\nnorma ASTM D-1655-19 en todas sus especificaciones los que son muy exigentes y adem\u00e1s\nde cumplir la norma se\u00f1alada existen otros controles adicionales de acuerdo con\nprotocolos internos de la estatal donde se deja trazabilidad del producto con\nmuestras de testigos de acuerdo a instructivo interno y debe ser guardado por 6\nmeses. <\/em><\/p>\n\n\n\n<p><em>Finalmente, el ultimo control se realiza con muestras en el brazo de carga del patio de cargamento en Cabo Negro, se\u00f1alar por lo dem\u00e1s que los camiones en los que se carga el kerosene son operados por Copec y Esmax para su entrega en el aeropuerto donde tambi\u00e9n se chequean calidad de acuerdo con sus protocolos de control de calidad y tambi\u00e9n los protocolos que exigen los aviones, se\u00f1alo Avenda\u00f1o. <\/em><\/p>\n","protected":false},"excerpt":{"rendered":"<p>El Sindicato de Trabajadores de Enap a trav\u00e9s de su presidente Alejandro Avenda\u00f1o Gallardo declaro: a ra\u00edz de un par de informaciones que ha salido en medios locales y que&#8230; <a class=\"read-more\" href=\"https:\/\/www.radiopresidenteibanez.cl\/web\/sindicato-de-trabajadores-no-es-efectivo-que-enap-este-siendo-investigada-por-la-pdi-por-calidad-del-kerosene-entregado-a-la-fach\/\">Leer m\u00e1s<\/a><\/p>\n","protected":false},"author":2,"featured_media":6713,"comment_status":"closed","ping_status":"closed","sticky":false,"template":"","format":"standard","meta":{"footnotes":""},"categories":[1],"tags":[],"class_list":["post-8585","post","type-post","status-publish","format-standard","has-post-thumbnail","hentry","category-cronica"],"_links":{"self":[{"href":"https:\/\/www.radiopresidenteibanez.cl\/web\/wp-json\/wp\/v2\/posts\/8585","targetHints":{"allow":["GET"]}}],"collection":[{"href":"https:\/\/www.radiopresidenteibanez.cl\/web\/wp-json\/wp\/v2\/posts"}],"about":[{"href":"https:\/\/www.radiopresidenteibanez.cl\/web\/wp-json\/wp\/v2\/types\/post"}],"author":[{"embeddable":true,"href":"https:\/\/www.radiopresidenteibanez.cl\/web\/wp-json\/wp\/v2\/users\/2"}],"replies":[{"embeddable":true,"href":"https:\/\/www.radiopresidenteibanez.cl\/web\/wp-json\/wp\/v2\/comments?post=8585"}],"version-history":[{"count":0,"href":"https:\/\/www.radiopresidenteibanez.cl\/web\/wp-json\/wp\/v2\/posts\/8585\/revisions"}],"wp:featuredmedia":[{"embeddable":true,"href":"https:\/\/www.radiopresidenteibanez.cl\/web\/wp-json\/wp\/v2\/media\/6713"}],"wp:attachment":[{"href":"https:\/\/www.radiopresidenteibanez.cl\/web\/wp-json\/wp\/v2\/media?parent=8585"}],"wp:term":[{"taxonomy":"category","embeddable":true,"href":"https:\/\/www.radiopresidenteibanez.cl\/web\/wp-json\/wp\/v2\/categories?post=8585"},{"taxonomy":"post_tag","embeddable":true,"href":"https:\/\/www.radiopresidenteibanez.cl\/web\/wp-json\/wp\/v2\/tags?post=8585"}],"curies":[{"name":"wp","href":"https:\/\/api.w.org\/{rel}","templated":true}]}}