{"id":8582,"date":"2019-12-17T15:35:38","date_gmt":"2019-12-17T15:35:38","guid":{"rendered":"https:\/\/www.radiopresidenteibanez.cl\/web\/?p=8582"},"modified":"2019-12-17T15:35:42","modified_gmt":"2019-12-17T15:35:42","slug":"con-una-inversion-de-1-164-millones-de-pesos-comenzo-la-segunda-etapa-del-mejoramiento-de-la-costanera","status":"publish","type":"post","link":"https:\/\/www.radiopresidenteibanez.cl\/web\/con-una-inversion-de-1-164-millones-de-pesos-comenzo-la-segunda-etapa-del-mejoramiento-de-la-costanera\/","title":{"rendered":"CON UNA INVERSI\u00d3N DE 1.164 MILLONES DE PESOS COMENZ\u00d3 LA SEGUNDA ETAPA DEL MEJORAMIENTO DE LA COSTANERA"},"content":{"rendered":"\n<p>Hasta la Costanera, a un\ncostado del Monumento al Viento, se dieron cita diversas autoridades de la regi\u00f3n\ncon la finalidad de analizar en terreno los avances de los trabajos realizados\nen la primera fase de la costanera y anunciar la puesta en marcha de la segunda\netapa del ambicioso proyecto, que busca potenciar esta postal tan ic\u00f3nica de la\nzona, mejorando as\u00ed la calidad de vida de las personas de Natales.<\/p>\n\n\n\n<p>Al respecto de esta\nimportante noticia, la jefa provincial del Serviu, Carolina Prat, se\u00f1al\u00f3 que \u201cesta\nsegunda etapa est\u00e1 desarrollada con fondos sectoriales comprometidos por el\nministro en el mes de mayo, cuando acudi\u00f3 a la regi\u00f3n a la cuenta p\u00fablica como\ncompromiso de la remodelaci\u00f3n de las costaneras en el marco de los 500 a\u00f1os del\nestrecho (de Magallanes). Es una obra que contempla el desarrollo de la\nremodelaci\u00f3n de la costanera, adem\u00e1s de su ampliaci\u00f3n en un tramo de 90 metros\ny considera las mismas partidas que la primera etapa: paisajismos, aceras\nestampadas, la continuidad de las ciclov\u00edas y mobiliario urbano\u201d.<\/p>\n\n\n\n<p>Por su parte, el Gobernador\nRa\u00fal Suazo destac\u00f3 los beneficios que esto puede generar a la ciudad desde el\npunto de vista de un previsible aumento de p\u00fablico en la zona, argumentando que\n\u201cesto viene a potenciar la imagen tur\u00edstica de Puerto Natales, la costanera es\nla vista principal que tiene la comuna y la provincia, as\u00ed que estamos muy\ncontentos y satisfechos por el esfuerzo realizado y lo materializado por el\nMinisterio a trav\u00e9s del Serviu. Nos queda tambi\u00e9n pendiente la tarea como\ngobierno regional de poder buscar el financiamiento para dar continuidad y\ncompletar la costanera en su integridad\u201d.<\/p>\n\n\n\n<p>Finalmente, el alcalde\nFernando Paredes, se refiri\u00f3 a un tema que ha causado opiniones divididas\nrespecto a la remodelaci\u00f3n, espec\u00edficamente las esferas de concreto que se\ninstalaron en la primera fase, al respecto dijo que \u201crespondiendo\na una consulta reiterativa que se ha dado por las esferas de cemento que fueron\ncolocadas en la primera etapa, va a haber una modificaci\u00f3n dentro de febrero o\nmarzo. Vamos a generar la modificaci\u00f3n de manera tal de descomprimir la\ncolocaci\u00f3n de esferas de cemento, se van a reubicar o definitivamente se\nretirar\u00e1n para minimizar el impacto\u201d.<\/p>\n\n\n\n<p>El Ministerio de Vivienda\ny Urbanismo es quien est\u00e1 ejecutando esta obra a trav\u00e9s del Serviu, y por medio\nde licitaci\u00f3n, la empresa constructora Salfa es la que lleva a cabo el\nproyecto, cuya primera etapa ya est\u00e1 pr\u00e1cticamente finalizada y donde la\nsegunda ya arranc\u00f3 para dar continuidad a estos trabajos, todo esto con el fin\nde darle una mejora al espacio p\u00fablico.<\/p>\n","protected":false},"excerpt":{"rendered":"<p>Hasta la Costanera, a un costado del Monumento al Viento, se dieron cita diversas autoridades de la regi\u00f3n con la finalidad de analizar en terreno los avances de los trabajos&#8230; <a class=\"read-more\" href=\"https:\/\/www.radiopresidenteibanez.cl\/web\/con-una-inversion-de-1-164-millones-de-pesos-comenzo-la-segunda-etapa-del-mejoramiento-de-la-costanera\/\">Leer m\u00e1s<\/a><\/p>\n","protected":false},"author":2,"featured_media":8583,"comment_status":"closed","ping_status":"closed","sticky":false,"template":"","format":"standard","meta":{"footnotes":""},"categories":[1],"tags":[],"class_list":["post-8582","post","type-post","status-publish","format-standard","has-post-thumbnail","hentry","category-cronica"],"_links":{"self":[{"href":"https:\/\/www.radiopresidenteibanez.cl\/web\/wp-json\/wp\/v2\/posts\/8582","targetHints":{"allow":["GET"]}}],"collection":[{"href":"https:\/\/www.radiopresidenteibanez.cl\/web\/wp-json\/wp\/v2\/posts"}],"about":[{"href":"https:\/\/www.radiopresidenteibanez.cl\/web\/wp-json\/wp\/v2\/types\/post"}],"author":[{"embeddable":true,"href":"https:\/\/www.radiopresidenteibanez.cl\/web\/wp-json\/wp\/v2\/users\/2"}],"replies":[{"embeddable":true,"href":"https:\/\/www.radiopresidenteibanez.cl\/web\/wp-json\/wp\/v2\/comments?post=8582"}],"version-history":[{"count":0,"href":"https:\/\/www.radiopresidenteibanez.cl\/web\/wp-json\/wp\/v2\/posts\/8582\/revisions"}],"wp:featuredmedia":[{"embeddable":true,"href":"https:\/\/www.radiopresidenteibanez.cl\/web\/wp-json\/wp\/v2\/media\/8583"}],"wp:attachment":[{"href":"https:\/\/www.radiopresidenteibanez.cl\/web\/wp-json\/wp\/v2\/media?parent=8582"}],"wp:term":[{"taxonomy":"category","embeddable":true,"href":"https:\/\/www.radiopresidenteibanez.cl\/web\/wp-json\/wp\/v2\/categories?post=8582"},{"taxonomy":"post_tag","embeddable":true,"href":"https:\/\/www.radiopresidenteibanez.cl\/web\/wp-json\/wp\/v2\/tags?post=8582"}],"curies":[{"name":"wp","href":"https:\/\/api.w.org\/{rel}","templated":true}]}}