{"id":8576,"date":"2019-12-17T15:07:19","date_gmt":"2019-12-17T15:07:19","guid":{"rendered":"https:\/\/www.radiopresidenteibanez.cl\/web\/?p=8576"},"modified":"2019-12-17T15:07:23","modified_gmt":"2019-12-17T15:07:23","slug":"sorpresa-total-rodrigo-ubilla-presento-su-renuncia-la-cual-fue-aceptada-por-el-presidente-sebastian-pinera","status":"publish","type":"post","link":"https:\/\/www.radiopresidenteibanez.cl\/web\/sorpresa-total-rodrigo-ubilla-presento-su-renuncia-la-cual-fue-aceptada-por-el-presidente-sebastian-pinera\/","title":{"rendered":"SORPRESA TOTAL: RODRIGO UBILLA PRESENT\u00d3 SU RENUNCIA LA CUAL FUE ACEPTADA POR EL PRESIDENTE SEBASTI\u00c1N PI\u00d1ERA"},"content":{"rendered":"\n<p> El hasta ahora subsecretario del Interior,\u00a0<strong>Rodrigo Ubilla Mackenney, present\u00f3 su renuncia<\/strong>\u00a0en el Palacio de La Moneda y el gobernante Sebasti\u00e1n Pi\u00f1era aceptado su dimisi\u00f3n, la que se argument\u00f3 por \u00abrazones estrictamente personales\u00bb. <\/p>\n\n\n\n<p>El militante de Renovaci\u00f3n Nacional se mantendr\u00e1 en el cargo hasta el 31 de diciembre de 2019, por lo que su salida se&nbsp;har\u00e1 efectiva a contar del 1 de enero de 2020. Desde esa fecha&nbsp;<strong>asumir\u00e1 como subsecretario&nbsp;Juan Francisco Galli Basili<\/strong>.<\/p>\n\n\n\n<p>El comunicado del Gobierno\u00a0expresa que \u00abel Presidente\u00a0<strong>Pi\u00f1era agradeci\u00f3\u00a0a Rodrigo Ubilla el compromiso, dedicaci\u00f3n y profesionalismo<\/strong>\u00a0con que ha desempe\u00f1ado el cargo durante estos 21 meses\u00a0y especialmente durante las \u00faltimas semanas\u00bb.<\/p>\n\n\n\n<p>Fuente: ADNRadio \/ Ph: Agencia Uno<\/p>\n","protected":false},"excerpt":{"rendered":"<p>El hasta ahora subsecretario del Interior,\u00a0Rodrigo Ubilla Mackenney, present\u00f3 su renuncia\u00a0en el Palacio de La Moneda y el gobernante Sebasti\u00e1n Pi\u00f1era aceptado su dimisi\u00f3n, la que se argument\u00f3 por \u00abrazones&#8230; <a class=\"read-more\" href=\"https:\/\/www.radiopresidenteibanez.cl\/web\/sorpresa-total-rodrigo-ubilla-presento-su-renuncia-la-cual-fue-aceptada-por-el-presidente-sebastian-pinera\/\">Leer m\u00e1s<\/a><\/p>\n","protected":false},"author":2,"featured_media":8577,"comment_status":"closed","ping_status":"closed","sticky":false,"template":"","format":"standard","meta":{"footnotes":""},"categories":[1],"tags":[],"class_list":["post-8576","post","type-post","status-publish","format-standard","has-post-thumbnail","hentry","category-cronica"],"_links":{"self":[{"href":"https:\/\/www.radiopresidenteibanez.cl\/web\/wp-json\/wp\/v2\/posts\/8576","targetHints":{"allow":["GET"]}}],"collection":[{"href":"https:\/\/www.radiopresidenteibanez.cl\/web\/wp-json\/wp\/v2\/posts"}],"about":[{"href":"https:\/\/www.radiopresidenteibanez.cl\/web\/wp-json\/wp\/v2\/types\/post"}],"author":[{"embeddable":true,"href":"https:\/\/www.radiopresidenteibanez.cl\/web\/wp-json\/wp\/v2\/users\/2"}],"replies":[{"embeddable":true,"href":"https:\/\/www.radiopresidenteibanez.cl\/web\/wp-json\/wp\/v2\/comments?post=8576"}],"version-history":[{"count":0,"href":"https:\/\/www.radiopresidenteibanez.cl\/web\/wp-json\/wp\/v2\/posts\/8576\/revisions"}],"wp:featuredmedia":[{"embeddable":true,"href":"https:\/\/www.radiopresidenteibanez.cl\/web\/wp-json\/wp\/v2\/media\/8577"}],"wp:attachment":[{"href":"https:\/\/www.radiopresidenteibanez.cl\/web\/wp-json\/wp\/v2\/media?parent=8576"}],"wp:term":[{"taxonomy":"category","embeddable":true,"href":"https:\/\/www.radiopresidenteibanez.cl\/web\/wp-json\/wp\/v2\/categories?post=8576"},{"taxonomy":"post_tag","embeddable":true,"href":"https:\/\/www.radiopresidenteibanez.cl\/web\/wp-json\/wp\/v2\/tags?post=8576"}],"curies":[{"name":"wp","href":"https:\/\/api.w.org\/{rel}","templated":true}]}}