{"id":8573,"date":"2019-12-17T14:51:57","date_gmt":"2019-12-17T14:51:57","guid":{"rendered":"https:\/\/www.radiopresidenteibanez.cl\/web\/?p=8573"},"modified":"2019-12-17T14:52:01","modified_gmt":"2019-12-17T14:52:01","slug":"fernando-paredes-presidente-de-la-asociacion-de-municipalidades-de-magallanes-entrego-cifra-de-participacion-en-consulta-ciudadana","status":"publish","type":"post","link":"https:\/\/www.radiopresidenteibanez.cl\/web\/fernando-paredes-presidente-de-la-asociacion-de-municipalidades-de-magallanes-entrego-cifra-de-participacion-en-consulta-ciudadana\/","title":{"rendered":"FERNANDO PAREDES PRESIDENTE DE LA ASOCIACION DE MUNICIPALIDADES DE MAGALLANES ENTREG\u00d3 CIFRA DE PARTICIPACION EN CONSULTA CIUDADANA"},"content":{"rendered":"\n<p><em>\u201cHoy solo es un d\u00eda para\nagradecer a tanta gente que particip\u00f3 en las distintas comunas de la regi\u00f3n en\nesta consulta ciudadana\u201d, <\/em>fueron las sentidas palabras del\nPresidente de la Asociaci\u00f3n Chilena de Municipalidades Fernando Paredes\nMansilla tras la reciente e hist\u00f3rica consulta ciudadana efectuada a lo largo\ndel pa\u00eds y que cont\u00f3 con la participaci\u00f3n de 226 municipios.<\/p>\n\n\n\n<p>En\nel caso de Magallanes, fueron en total 7 comunas las que se alinearon a la\nconsulta ciudadana, Punta Arenas, Primavera y Laguna Blanca lo realizaron de\nmanera on line, mientras que Porvenir y Cabo de Hornos efectuaron su consulta\nde manera presencial, y finalmente Puerto Natales y Torres del Paine\ndesarrollaron su consulta ciudadana de manera mixta, vale decir en l\u00ednea y\npresencial.<\/p>\n\n\n\n<p>En\nla regi\u00f3n fueron en total 17 mil personas las que participaron de este proceso\nde consulta. Al respecto Fernando Paredes se\u00f1al\u00f3 que la gente hoy tiene ganas\nde participar <em>\u201cseguramente este nivel de\nparticipaci\u00f3n ser\u00e1 un motivo de an\u00e1lisis para el pr\u00f3ximo plebiscito, donde el\nServel tendr\u00e1 que tomar algunos an\u00e1lisis para lo que se viene\u201d<\/em>.<\/p>\n\n\n\n<p>A la\npregunta efectuada por los medios, sobre una consulta popular efectuada en\nPunta Arenas, Paredes se\u00f1al\u00f3 que existe una columna vertebral que est\u00e1 dada\nprincipalmente por el voto de la agenda social e institucional, \u00e9ste \u00faltimo\nconcentra la consulta sobre una nueva Constituci\u00f3n, seg\u00fan lo establecido por la\nAsociaci\u00f3n Chilena de Municipalidades y si dicha consulta popular est\u00e1 en\nconcordancia con la columna vertebral se deber\u00eda tomar en consideraci\u00f3n.<\/p>\n\n\n\n<p>En\ntanto, Claudio Radonich alcalde de Punta Arenas se\u00f1al\u00f3 que por primera vez y\npor un acuerdo del concejo municipal de manera un\u00e1nime se logr\u00f3 hacer una\nconsulta ciudadana de manera on line, dando la posibilidad de participaci\u00f3n a m\u00e1s\nde 12 mil personas <em>\u201cvali\u00f3 la pena de\nhacer este esfuerzo y esto se hizo con mucha responsabilidad de parte del\nconcejo municipal, optamos por hacerlo v\u00eda on line lo que permiti\u00f3 que las\nfamilias en sus casas pudieron votar desde un celular de manera responsable y\nque no tuvimos mayores inconvenientes\u201d<\/em>.<\/p>\n","protected":false},"excerpt":{"rendered":"<p>\u201cHoy solo es un d\u00eda para agradecer a tanta gente que particip\u00f3 en las distintas comunas de la regi\u00f3n en esta consulta ciudadana\u201d, fueron las sentidas palabras del Presidente de&#8230; <a class=\"read-more\" href=\"https:\/\/www.radiopresidenteibanez.cl\/web\/fernando-paredes-presidente-de-la-asociacion-de-municipalidades-de-magallanes-entrego-cifra-de-participacion-en-consulta-ciudadana\/\">Leer m\u00e1s<\/a><\/p>\n","protected":false},"author":2,"featured_media":8574,"comment_status":"closed","ping_status":"closed","sticky":false,"template":"","format":"standard","meta":{"footnotes":""},"categories":[1],"tags":[],"class_list":["post-8573","post","type-post","status-publish","format-standard","has-post-thumbnail","hentry","category-cronica"],"_links":{"self":[{"href":"https:\/\/www.radiopresidenteibanez.cl\/web\/wp-json\/wp\/v2\/posts\/8573","targetHints":{"allow":["GET"]}}],"collection":[{"href":"https:\/\/www.radiopresidenteibanez.cl\/web\/wp-json\/wp\/v2\/posts"}],"about":[{"href":"https:\/\/www.radiopresidenteibanez.cl\/web\/wp-json\/wp\/v2\/types\/post"}],"author":[{"embeddable":true,"href":"https:\/\/www.radiopresidenteibanez.cl\/web\/wp-json\/wp\/v2\/users\/2"}],"replies":[{"embeddable":true,"href":"https:\/\/www.radiopresidenteibanez.cl\/web\/wp-json\/wp\/v2\/comments?post=8573"}],"version-history":[{"count":0,"href":"https:\/\/www.radiopresidenteibanez.cl\/web\/wp-json\/wp\/v2\/posts\/8573\/revisions"}],"wp:featuredmedia":[{"embeddable":true,"href":"https:\/\/www.radiopresidenteibanez.cl\/web\/wp-json\/wp\/v2\/media\/8574"}],"wp:attachment":[{"href":"https:\/\/www.radiopresidenteibanez.cl\/web\/wp-json\/wp\/v2\/media?parent=8573"}],"wp:term":[{"taxonomy":"category","embeddable":true,"href":"https:\/\/www.radiopresidenteibanez.cl\/web\/wp-json\/wp\/v2\/categories?post=8573"},{"taxonomy":"post_tag","embeddable":true,"href":"https:\/\/www.radiopresidenteibanez.cl\/web\/wp-json\/wp\/v2\/tags?post=8573"}],"curies":[{"name":"wp","href":"https:\/\/api.w.org\/{rel}","templated":true}]}}