{"id":8570,"date":"2019-12-17T14:48:53","date_gmt":"2019-12-17T14:48:53","guid":{"rendered":"https:\/\/www.radiopresidenteibanez.cl\/web\/?p=8570"},"modified":"2019-12-17T14:48:56","modified_gmt":"2019-12-17T14:48:56","slug":"vecinos-del-barrio-18-de-septiembre-reconstruyen-su-historia-con-ruta-patrimonial","status":"publish","type":"post","link":"https:\/\/www.radiopresidenteibanez.cl\/web\/vecinos-del-barrio-18-de-septiembre-reconstruyen-su-historia-con-ruta-patrimonial\/","title":{"rendered":"VECINOS DEL BARRIO 18 DE SEPTIEMBRE  RECONSTRUYEN SU HISTORIA CON RUTA PATRIMONIAL"},"content":{"rendered":"\n<p>La\nubicaci\u00f3n y descripci\u00f3n de la casa en la que funcion\u00f3 el Comit\u00e9 Pro Adelanto,\nel espacio en el que estuvo emplazada la primera escuela, la sede que dio vida\na la liga de f\u00fatbol, la designaci\u00f3n de los nombres de sus originales calles, la\nprimigenia plaza Jos\u00e9 de San Mart\u00edn y el atentado explosivo de la parroquia\n\u201cNuestra Se\u00f1ora de F\u00e1tima\u201d, entre otros hechos y puntos emblem\u00e1ticos, figuran\nen el documento Rutas Patrimoniales del barrio 18 de Septiembre de Punta\nArenas.<\/p>\n\n\n\n<p>La\ngu\u00eda, una elaboraci\u00f3n colectiva en la que intervinieron vecinas y vecinos,\nguiados por el escritor V\u00edctor Hern\u00e1ndez y el arquitecto Alejandro Parada, fue\npresentada el viernes reciente en la sede de la Junta de Vecinos N\u00b0 20, sector Fiscal. La\nreconstrucci\u00f3n literaria y gr\u00e1fica sobre el casco hist\u00f3rico del barrio cont\u00f3\ncon el apoyo de la Seremi de las Culturas, las Artes y el Patrimonio, a trav\u00e9s\ndel programa Fortalecimiento de la Identidad Cultural Regional.<\/p>\n\n\n\n<p>\u201cEste\nproyecto fue trabajado de manera participativa. Hubo varias reuniones y\nespacios de conversaci\u00f3n, en los cuales los residentes de este sector, marcaron,\nen el mapa del casco hist\u00f3rico, los lugares que ellos consideran importantes\npara la fundaci\u00f3n del barrio. Y all\u00ed aparecieron la escuela, esta sede y muchos\nm\u00e1s que fueron emblem\u00e1ticos para la historia del barrio 18 de Septiembre\u201d,\ncoment\u00f3 la Seremi de las Culturas, Katherine Ibacache, durante la ceremonia de\nlanzamiento que cont\u00f3 con la\npresencia de vecinas, vecinos y la directiva de la junta de vecinos N\u00b0 20, y\nque se llev\u00f3 a cabo en\nel inmueble que a partir del\na\u00f1o 1958 alberg\u00f3 a la \u201cEscuela de Emergencia\u201d.<\/p>\n\n\n\n<p>En\n84 p\u00e1ginas, ilustradas a todo color, con fotograf\u00edas antiguas y actuales, mapas\ny planos, los habitantes del popular sector de Punta Arenas plasmaron los\nemblem\u00e1ticos sitios y hechos que delinearon el devenir del barrio que dio sus\nprimeros pasos el 10 de\nenero de 1953, cuando la entonces Ilustre Municipalidad de Magallanes, dirigida\npor la Alcaldesa Felicia Barr\u00eda Vera y el cuerpo de regidores de ese per\u00edodo,\nentregaron los primeros 168 sitios a familias de escasos recursos, y que a\npocos d\u00edas de aquel hecho se conform\u00f3 un Comit\u00e9 Pro Adelanto, el primero de su\ng\u00e9nero en la ciudad de Punta Arenas y s\u00edmbolo del proceso de autogesti\u00f3n que\nmarcar\u00eda el derrotero de ese n\u00facleo social. <\/p>\n\n\n\n<p>\u201cEsta\ngu\u00eda o Ruta Patrimonial, lo que busca, en gran medida, es dar cuenta del\nproceso inicial, cuando aquellos pobladores tuvieron pr\u00e1cticamente todo tipo de\nobst\u00e1culos y lograron vencer y generar lo que hoy es el barrio 18 de\nSeptiembre. En este casco hist\u00f3rico, y este es el m\u00e9rito -tal vez- de este\nproyecto, se busca graficar que en este lugar funcion\u00f3 la primera escuela, el\nprimer ret\u00e9n, el primer policl\u00ednico, la primera iglesia, la liga de f\u00fatbol, el\nprimer Comit\u00e9 Pro Adelanto, que se encargaba de la planificaci\u00f3n para que los\nvecinos pudieran ir levantando sus construcciones y&nbsp; primeras mediaguas\u201d, sostuvo V\u00edctor Gonz\u00e1lez,\nescritor y estudioso de la historia del sector y autor del libro \u201cEpopeya del Barrio 18 de Septiembre: La Comuna\u201d, editado\nel a\u00f1o 2016.<\/p>\n\n\n\n<p>El\ndocumento, que cuenta con traducci\u00f3n al ingl\u00e9s, relata hechos como decisi\u00f3n de\nbautizar a la poblaci\u00f3n (27 de Septiembre de 1956); el nombre de las siete\ncalles del casco hist\u00f3rico; el inicio de la Escuela de primeras letras, el 7 de\nmayo de 1955 a cargo de la Iglesia Metodista; el atentado explosivo a la\nparroquia \u201cNuestra Se\u00f1ora de F\u00e1tima\u201d, ocurrido el s\u00e1bado 6 de octubre de 1984,\nen el momento m\u00e1s \u00e1lgido de las complejas relaciones entre la comunidad\nmagall\u00e1nica y la dictadura c\u00edvico-militar; la fundaci\u00f3n de la Liga de f\u00fatbol,\nel 28 de diciembre de 1963, en casa de Daniel Galindo; la creaci\u00f3n del club \u201c18\nde Septiembre\u201d (22 de enero de 1957), que entreg\u00f3 a Magallanes dos deportistas\nde excepci\u00f3n: H\u00e9ctor Talma Witto, en el boxeo e Iv\u00e1n Paredes Mendoza, en\nhalterofilia, campe\u00f3n de Chile y medalla de bronce en el sudamericano de Buenos\nAires en 1984. <\/p>\n\n\n\n<p>\u201cEste\nes un documento hist\u00f3rico para nuestra poblaci\u00f3n. Muestra c\u00f3mo surgi\u00f3; el\nesfuerzo y sacrificio de la gente que vino a este sector para construir\npropiedades, para formar su familia y para hacer m\u00e1s grande a la poblaci\u00f3n y m\u00e1s\ngrande a la regi\u00f3n. Aprovecho de felicitar a la gente que trabaj\u00f3 en esto\u201d,\nresalt\u00f3 el vecino Carlos Levill. <\/p>\n\n\n\n<p>Actualmente,\ncon una poblaci\u00f3n cercana a los 25 mil habitantes, en el barrio existen\nalrededor de 170 empresas activas, entre las que destacan almacenes, servicio\nautomotriz, panader\u00edas, peluquer\u00edas, confecci\u00f3n de ropas, comidas preparadas,\ncentros de llamados, vidrier\u00edas, taller de muebles y peque\u00f1os baratillos, en su\nmayor\u00eda negocios de tradici\u00f3n familiar.<\/p>\n","protected":false},"excerpt":{"rendered":"<p>La ubicaci\u00f3n y descripci\u00f3n de la casa en la que funcion\u00f3 el Comit\u00e9 Pro Adelanto, el espacio en el que estuvo emplazada la primera escuela, la sede que dio vida&#8230; <a class=\"read-more\" href=\"https:\/\/www.radiopresidenteibanez.cl\/web\/vecinos-del-barrio-18-de-septiembre-reconstruyen-su-historia-con-ruta-patrimonial\/\">Leer m\u00e1s<\/a><\/p>\n","protected":false},"author":2,"featured_media":8571,"comment_status":"closed","ping_status":"closed","sticky":false,"template":"","format":"standard","meta":{"footnotes":""},"categories":[1],"tags":[],"class_list":["post-8570","post","type-post","status-publish","format-standard","has-post-thumbnail","hentry","category-cronica"],"_links":{"self":[{"href":"https:\/\/www.radiopresidenteibanez.cl\/web\/wp-json\/wp\/v2\/posts\/8570","targetHints":{"allow":["GET"]}}],"collection":[{"href":"https:\/\/www.radiopresidenteibanez.cl\/web\/wp-json\/wp\/v2\/posts"}],"about":[{"href":"https:\/\/www.radiopresidenteibanez.cl\/web\/wp-json\/wp\/v2\/types\/post"}],"author":[{"embeddable":true,"href":"https:\/\/www.radiopresidenteibanez.cl\/web\/wp-json\/wp\/v2\/users\/2"}],"replies":[{"embeddable":true,"href":"https:\/\/www.radiopresidenteibanez.cl\/web\/wp-json\/wp\/v2\/comments?post=8570"}],"version-history":[{"count":0,"href":"https:\/\/www.radiopresidenteibanez.cl\/web\/wp-json\/wp\/v2\/posts\/8570\/revisions"}],"wp:featuredmedia":[{"embeddable":true,"href":"https:\/\/www.radiopresidenteibanez.cl\/web\/wp-json\/wp\/v2\/media\/8571"}],"wp:attachment":[{"href":"https:\/\/www.radiopresidenteibanez.cl\/web\/wp-json\/wp\/v2\/media?parent=8570"}],"wp:term":[{"taxonomy":"category","embeddable":true,"href":"https:\/\/www.radiopresidenteibanez.cl\/web\/wp-json\/wp\/v2\/categories?post=8570"},{"taxonomy":"post_tag","embeddable":true,"href":"https:\/\/www.radiopresidenteibanez.cl\/web\/wp-json\/wp\/v2\/tags?post=8570"}],"curies":[{"name":"wp","href":"https:\/\/api.w.org\/{rel}","templated":true}]}}