{"id":8564,"date":"2019-12-17T14:43:09","date_gmt":"2019-12-17T14:43:09","guid":{"rendered":"https:\/\/www.radiopresidenteibanez.cl\/web\/?p=8564"},"modified":"2019-12-17T14:43:13","modified_gmt":"2019-12-17T14:43:13","slug":"punta-arenas-es-oficialmente-capital-americana-de-la-cultura-2020","status":"publish","type":"post","link":"https:\/\/www.radiopresidenteibanez.cl\/web\/punta-arenas-es-oficialmente-capital-americana-de-la-cultura-2020\/","title":{"rendered":"PUNTA ARENAS ES OFICIALMENTE CAPITAL AMERICANA DE LA CULTURA 2020"},"content":{"rendered":"\n<p>Desde el d\u00eda 1 de enero del 2020, Punta Arenas ser\u00e1 Capital Americana de la Cultura, nombramiento otorgado por el Bureau Internacional de Capitales Culturales, lo cual se une a la conmemoraci\u00f3n de los 500 a\u00f1os de la primera circunnavegaci\u00f3n al globo, a trav\u00e9s del Estrecho de Magallanes.<\/p>\n\n\n\n<p>\u201cEste trabajo que comenz\u00f3 el a\u00f1o 2017, hoy se formaliza con esta ceremonia realizada en Punta Arenas, que nos reconoce como Capital Americana de la Cultura 2020, sum\u00e1ndose a ciudades como Brasilia, Lisboa, Sevilla, entre otras\u201d, expres\u00f3 el alcalde Claudio Radonich, quien agreg\u00f3 que este nombramiento tambi\u00e9n ayudar\u00e1 a potenciar y levantar nuevamente el Turismo.<\/p>\n\n\n\n<p>Asimismo, Radonich a\u00f1adi\u00f3 que ser Capital Americana de la Cultura permitir\u00e1 que Punta Arenas salga al mundo a trav\u00e9s de Discovery Channel y Antena3 Internacional, con diversos spot promocionales de la ciudad y sus bondades.<\/p>\n\n\n\n<p>Por su parte, Xavier Tudela, Presidente del Bureau Internacional, dijo que \u201cPunta Arenas estar\u00e1 en una lista de ciudades culturales del mundo, lo que otorga un prestigio innegable en su actividad cultural. Esperamos lograr una mayor cohesi\u00f3n ciudadana entorno a un proyecto colectivo, sumada a la promoci\u00f3n internacional positiva que esto brinda\u201d.<\/p>\n\n\n\n<p>Finalmente, Tudela explic\u00f3 que \u201cde igual forma, la Capital Americana de la Cultura 2020, podr\u00e1 mostrar al mundo su identidad, que se nutre de m\u00faltiples herencias culturales y que se vive en cada barrio de la ciudad, haci\u00e9ndonos sentir orgullosos y comprometidos con nuestro patrimonio y nuestras tradiciones\u201d.<br><\/p>\n","protected":false},"excerpt":{"rendered":"<p>Desde el d\u00eda 1 de enero del 2020, Punta Arenas ser\u00e1 Capital Americana de la Cultura, nombramiento otorgado por el Bureau Internacional de Capitales Culturales, lo cual se une a&#8230; <a class=\"read-more\" href=\"https:\/\/www.radiopresidenteibanez.cl\/web\/punta-arenas-es-oficialmente-capital-americana-de-la-cultura-2020\/\">Leer m\u00e1s<\/a><\/p>\n","protected":false},"author":2,"featured_media":8565,"comment_status":"closed","ping_status":"closed","sticky":false,"template":"","format":"standard","meta":{"footnotes":""},"categories":[1],"tags":[],"class_list":["post-8564","post","type-post","status-publish","format-standard","has-post-thumbnail","hentry","category-cronica"],"_links":{"self":[{"href":"https:\/\/www.radiopresidenteibanez.cl\/web\/wp-json\/wp\/v2\/posts\/8564","targetHints":{"allow":["GET"]}}],"collection":[{"href":"https:\/\/www.radiopresidenteibanez.cl\/web\/wp-json\/wp\/v2\/posts"}],"about":[{"href":"https:\/\/www.radiopresidenteibanez.cl\/web\/wp-json\/wp\/v2\/types\/post"}],"author":[{"embeddable":true,"href":"https:\/\/www.radiopresidenteibanez.cl\/web\/wp-json\/wp\/v2\/users\/2"}],"replies":[{"embeddable":true,"href":"https:\/\/www.radiopresidenteibanez.cl\/web\/wp-json\/wp\/v2\/comments?post=8564"}],"version-history":[{"count":0,"href":"https:\/\/www.radiopresidenteibanez.cl\/web\/wp-json\/wp\/v2\/posts\/8564\/revisions"}],"wp:featuredmedia":[{"embeddable":true,"href":"https:\/\/www.radiopresidenteibanez.cl\/web\/wp-json\/wp\/v2\/media\/8565"}],"wp:attachment":[{"href":"https:\/\/www.radiopresidenteibanez.cl\/web\/wp-json\/wp\/v2\/media?parent=8564"}],"wp:term":[{"taxonomy":"category","embeddable":true,"href":"https:\/\/www.radiopresidenteibanez.cl\/web\/wp-json\/wp\/v2\/categories?post=8564"},{"taxonomy":"post_tag","embeddable":true,"href":"https:\/\/www.radiopresidenteibanez.cl\/web\/wp-json\/wp\/v2\/tags?post=8564"}],"curies":[{"name":"wp","href":"https:\/\/api.w.org\/{rel}","templated":true}]}}