{"id":8557,"date":"2019-12-16T18:54:29","date_gmt":"2019-12-16T18:54:29","guid":{"rendered":"https:\/\/www.radiopresidenteibanez.cl\/web\/?p=8557"},"modified":"2019-12-16T18:54:34","modified_gmt":"2019-12-16T18:54:34","slug":"la-voz-del-pueblo-por-ernesto-sepulveda","status":"publish","type":"post","link":"https:\/\/www.radiopresidenteibanez.cl\/web\/la-voz-del-pueblo-por-ernesto-sepulveda\/","title":{"rendered":"LA VOZ DEL PUEBLO por ERNESTO SEPULVEDA"},"content":{"rendered":"\n<p>Mucha agua ha pasado bajo el\npuente de la historia, en estos dos meses del \u201cdespertar de Chile\u201d, del\n\u201cestallido social\u201d, de la revoluci\u00f3n de octubre. Ni los m\u00e1s iluminados\npredijeron que esto pasar\u00eda. Hoy son decenas, los analistas, opin\u00f3logos,\npol\u00edticos e intelectuales, que sin ning\u00fan pudor, se arrogan la interpretaci\u00f3n\nverdadera de lo que el pueblo quiere. Por esta raz\u00f3n, que son tan importantes\nlos actos, donde el soberano, el pueblo mismo, se expresa. Y es eso, ni m\u00e1s ni\nmenos, que se propusieron alcaldes de m\u00e1s de 220 comunas del pa\u00eds. En efecto,\nel objetivo de la consulta ciudadana y popular, realizada el domingo 15 de\ndiciembre en la mayor parte de las comunas del pa\u00eds, fue escuchar de primera\nmano lo que los vecinos comunes y silvestres opinan. Sobre temas pa\u00eds tan\nimportantes como si quieren una nueva constituci\u00f3n, y el mecanismo&nbsp;&nbsp;a\ntrav\u00e9s del cual la redactaremos.<\/p>\n\n\n\n<p>En horas de la madrugada se\nadelantaba que m\u00e1s de dos millones, hab\u00edan participado en todo Chile, y en\nMagallanes m\u00e1s de 14 mil personas en el sistema on line, y a su vez m\u00e1s de 8\nmil personas hab\u00edan concurrido s\u00f3lo en Punta Arenas a votar. Menci\u00f3n especial\nmerece la Uni\u00f3n Comunal de Juntas de Vecinos.&nbsp;&nbsp;Frente a la negativa\ndel municipio&nbsp;&nbsp;de sumarse&nbsp;&nbsp;a la iniciativa de la asociaci\u00f3n\nchilena de municipalidades, fue do\u00f1a Raquel Alvarez, presidente de la Uni\u00f3n\ncomunal de Junta de vecinos, quien asumi\u00f3 el desaf\u00edo.<\/p>\n\n\n\n<p>Un \u00e9xito total y absoluto, en\ncuanto a la concurrencia de personas, como en cuanto a las tem\u00e1tica propuesta.\nResultados preliminares, daban con un porcentaje cercano al 90% la opci\u00f3n Nueva\nconstituci\u00f3n, y con una cifra similar, que esta se hiciese a trav\u00e9s de una\nconvenci\u00f3n o asamblea constituyente.<\/p>\n\n\n\n<p>Retorna la esperanza a los\ncorazones, a partir de ahora, y hasta el plebiscito de abril de 2020, deberemos\nredoblar los esfuerzos, para que la inmensa mayor\u00eda de nuestros vecinos, amigos\ny familiares, escojan tambi\u00e9n este camino de paz.<\/p>\n\n\n\n<p>Aunque ciertos grupos\npol\u00edticos han optado por minimizar la importancia del plebiscito, donde\ndecidiremos si queremos una nueva constituci\u00f3n. Y se han alzado voces\npretendiendo poco menos que caiga el gobierno de la derecha,&nbsp;&nbsp;por la\npresi\u00f3n en las calles. El buen juicio y sensatez de la mayor\u00eda de los chilenos,\nafortunadamente queda demostrada, con la maciza participaci\u00f3n&nbsp;&nbsp;a\nla&nbsp;&nbsp;consulta ciudadana.<\/p>\n\n\n\n<p>Lo hemos dicho antes, en este\nespacio, gan\u00e1ndonos cr\u00edticas de los que piensan distinto, el pueblo de Chile es\nun pueblo de paz. Merece ser tratado con respeto, con&nbsp;dignidad. La modernizaci\u00f3n\ndel estado, una nueva distribuci\u00f3n del poder pol\u00edtico, medidas tributarias que\ncombatan la desigualdad, un gran pacto social que nos ponga en la senda de un\ndesarrollo inclusivo e integral.<\/p>\n\n\n\n<p>La paradoja de este tiempo, es\nque los sectores mas reacios, al plebiscito donde se decidir\u00e1 si queremos una\nnueva constituci\u00f3n, son los dos extremos del espectro&nbsp;&nbsp;pol\u00edtico. Es\nla nostalgia por el enfrentamiento de suma cero, donde no se avanza ni\nretrocede, y todos conservan sus posiciones. Un estatus quo que ha sido\ndesafiado y destrozado, con las masivas movilizaciones sociales.<\/p>\n\n\n\n<p>Estamos ad portas de un nuevo\nChile. Produce mucha incertidumbre. Los primeros en inquietarse son los\nmercados, y el nuestro no ha sido a excepci\u00f3n. Expuestos como estamos a una econom\u00eda\nabierta, debemos ser cuidadosos en como expresamos el descontento. La justa\nindignaci\u00f3n por los abusos de que somos v\u00edctimas la mayor\u00eda de los chilenos, no\njustifica ni saqueos ni incendios. Ni destrozos de sem\u00e1foros ni estaciones de\nmetro.<\/p>\n\n\n\n<p>Pero, esc\u00fachenme bien, no\njustifica en ning\u00fan caso, el actuar desproporcionado de la fuerza p\u00fablica. Las\nviolaciones a los derechos humanos, las vejaciones, golpizas, disparo de\nperdigones, no pueden quedar impunes. La salida del ministro de interior, por\nuna acusaci\u00f3n constitucional, es una se\u00f1al fuerte de que la responsabilidad\npol\u00edtica de los gobernantes, debe exigirse. Pero la responsabilidad pol\u00edtica de\nlos ciudadanos tambi\u00e9n. Y el pueblo as\u00ed lo ha afirmado,&nbsp;&nbsp;en\nresultados preliminares de la consulta ciudadana y popular de los municipios de\nChile, ha ganado por un abrumadora 80%, volver al voto obligatorio.<\/p>\n\n\n\n<p>Defender nuestra democracia,\nnuestro modo de vida, lo haremos todos y en forma pac\u00edfica. Decidiremos en una\nvotaci\u00f3n que ser\u00e1 supervisada por el SERVEL, con voto secreto, libre e\ninformado. Tendremos que hacer educaci\u00f3n c\u00edvica, en plazas, calles y lugares de\ntrabajo. Escuelas, juntas de vecinos, clubes de adultos mayores. Votar es un\nderecho y volver\u00e1 a ser un deber.<\/p>\n\n\n\n<p>La democracia que tanto nos\ncost\u00f3 recuperar, se sana, se fortalece y se vivifica con mas democracia.<\/p>\n\n\n\n<p>Soy optimista, creo que\navanzamos, hacia una sociedad mas justa, mas igualitaria,&nbsp;&nbsp;y mas\nprospera, donde se premiar\u00e1 el m\u00e9rito y no la cuna. De cada uno de nosotros\ndepende apurar el tranco, para que lleguemos mas pronto.<\/p>\n\n\n\n<p>Soy Ernesto Sep\u00falveda en\n\u201cCr\u00f3nicas de la Patagonia\u201d<\/p>\n\n\n\n<p>Punta Arenas, lunes 16 de\ndiciembre de\n2019.-&nbsp;&nbsp;&nbsp;&nbsp;&nbsp;&nbsp;&nbsp;&nbsp;&nbsp;&nbsp;&nbsp;&nbsp;&nbsp;&nbsp;&nbsp;&nbsp;&nbsp;&nbsp;&nbsp;&nbsp;&nbsp;&nbsp;&nbsp;<\/p>\n","protected":false},"excerpt":{"rendered":"<p>Mucha agua ha pasado bajo el puente de la historia, en estos dos meses del \u201cdespertar de Chile\u201d, del \u201cestallido social\u201d, de la revoluci\u00f3n de octubre. Ni los m\u00e1s iluminados&#8230; <a class=\"read-more\" href=\"https:\/\/www.radiopresidenteibanez.cl\/web\/la-voz-del-pueblo-por-ernesto-sepulveda\/\">Leer m\u00e1s<\/a><\/p>\n","protected":false},"author":2,"featured_media":2310,"comment_status":"closed","ping_status":"closed","sticky":false,"template":"","format":"standard","meta":{"footnotes":""},"categories":[1],"tags":[],"class_list":["post-8557","post","type-post","status-publish","format-standard","has-post-thumbnail","hentry","category-cronica"],"_links":{"self":[{"href":"https:\/\/www.radiopresidenteibanez.cl\/web\/wp-json\/wp\/v2\/posts\/8557","targetHints":{"allow":["GET"]}}],"collection":[{"href":"https:\/\/www.radiopresidenteibanez.cl\/web\/wp-json\/wp\/v2\/posts"}],"about":[{"href":"https:\/\/www.radiopresidenteibanez.cl\/web\/wp-json\/wp\/v2\/types\/post"}],"author":[{"embeddable":true,"href":"https:\/\/www.radiopresidenteibanez.cl\/web\/wp-json\/wp\/v2\/users\/2"}],"replies":[{"embeddable":true,"href":"https:\/\/www.radiopresidenteibanez.cl\/web\/wp-json\/wp\/v2\/comments?post=8557"}],"version-history":[{"count":0,"href":"https:\/\/www.radiopresidenteibanez.cl\/web\/wp-json\/wp\/v2\/posts\/8557\/revisions"}],"wp:featuredmedia":[{"embeddable":true,"href":"https:\/\/www.radiopresidenteibanez.cl\/web\/wp-json\/wp\/v2\/media\/2310"}],"wp:attachment":[{"href":"https:\/\/www.radiopresidenteibanez.cl\/web\/wp-json\/wp\/v2\/media?parent=8557"}],"wp:term":[{"taxonomy":"category","embeddable":true,"href":"https:\/\/www.radiopresidenteibanez.cl\/web\/wp-json\/wp\/v2\/categories?post=8557"},{"taxonomy":"post_tag","embeddable":true,"href":"https:\/\/www.radiopresidenteibanez.cl\/web\/wp-json\/wp\/v2\/tags?post=8557"}],"curies":[{"name":"wp","href":"https:\/\/api.w.org\/{rel}","templated":true}]}}