{"id":8554,"date":"2019-12-16T18:47:13","date_gmt":"2019-12-16T18:47:13","guid":{"rendered":"https:\/\/www.radiopresidenteibanez.cl\/web\/?p=8554"},"modified":"2019-12-16T18:47:17","modified_gmt":"2019-12-16T18:47:17","slug":"con-gran-alegria-y-asombro-los-ninos-recibieron-al-viejito-pascuero-a-su-llegada-en-helicoptero-para-celebrar-la-navidad","status":"publish","type":"post","link":"https:\/\/www.radiopresidenteibanez.cl\/web\/con-gran-alegria-y-asombro-los-ninos-recibieron-al-viejito-pascuero-a-su-llegada-en-helicoptero-para-celebrar-la-navidad\/","title":{"rendered":"CON GRAN ALEGR\u00cdA Y ASOMBRO LOS NI\u00d1OS RECIBIERON AL VIEJITO PASCUERO A SU LLEGADA EN HELIC\u00d3PTERO, PARA CELEBRAR LA NAVIDAD"},"content":{"rendered":"\n<p><em>El\nSindicato de Trabajadores tiene el desaf\u00edo de que ning\u00fan ni\u00f1o o ni\u00f1a se quede\nsin Navidad debido a su condici\u00f3n econ\u00f3mica, as\u00ed lo expres\u00f3 el Presidente del\nSindicato de Enap Alejandro Avenda\u00f1o Gallardo. <\/em><\/p>\n\n\n\n<p><em>En\nestas fiestas, lo principal es llevar sonrisas a los m\u00e1s peque\u00f1os y es por eso\nque cada a\u00f1o colaboramos con la entrega de regalos a ni\u00f1os y ni\u00f1as que\nrequieren de un mayor apoyo y un compromiso social. <\/em><\/p>\n\n\n\n<p><em>Las\ndificultades econ\u00f3micas que presentan muchas familias es una realidad de la\ncual estamos conscientes y es por eso que buscamos aquellos casos que requieren\nde una ayuda para poder vivir una verdadera Noche Buena. <\/em><\/p>\n\n\n\n<p><em>Las\ndesigualdades existen, pero es tarea de todos velar porque en fechas como \u00e9stas\nno se noten o se olviden por un momento.<\/em><\/p>\n\n\n\n<p><em>Ver\nla alegr\u00eda y sonrisas en los rostros de estos ni\u00f1os y ni\u00f1as es la mayor\nsatisfacci\u00f3n que podemos sentir como sindicato y en representaci\u00f3n de todos\nnuestros socios y socias, donde cada ni\u00f1o y ni\u00f1a disfrutaron de una navidad con\njuegos, m\u00fasica, payaso y pasando unos momentos que no solo para ellos ser\u00e1\ninolvidables si no que para nosotros tambi\u00e9n.<\/em><\/p>\n\n\n\n<p><em>Antes\nde finalizar la fiesta de navidad se efectu\u00f3 sorteos entre los ni\u00f1os y ni\u00f1as\nparticipante siendo el primer premio una bicicleta que fue ganado por Bel\u00e9n\nHerrera Imilo de 4 a\u00f1os, fue un momento muy emotivo. <\/em><\/p>\n\n\n\n<p><em>Finalmente\nagradecer a quienes tuvieron junto a los dirigentes y el personal a cargo de la\norganizaci\u00f3n y nos colaboraron en esta fiesta de navidad para estos peque\u00f1os, Enap,\nMutual de Seguridad que estuvo presente y atentos para el cuidado de la\nactividad Cordenap que dio todas las facilidades en su recinto junto a su\npersonal y destacar y agradecer tambi\u00e9n a la familia Pivcevic de Aerov\u00edas Dap un\nejemplo de empresa regional. <\/em><\/p>\n","protected":false},"excerpt":{"rendered":"<p>El Sindicato de Trabajadores tiene el desaf\u00edo de que ning\u00fan ni\u00f1o o ni\u00f1a se quede sin Navidad debido a su condici\u00f3n econ\u00f3mica, as\u00ed lo expres\u00f3 el Presidente del Sindicato de&#8230; <a class=\"read-more\" href=\"https:\/\/www.radiopresidenteibanez.cl\/web\/con-gran-alegria-y-asombro-los-ninos-recibieron-al-viejito-pascuero-a-su-llegada-en-helicoptero-para-celebrar-la-navidad\/\">Leer m\u00e1s<\/a><\/p>\n","protected":false},"author":2,"featured_media":8555,"comment_status":"closed","ping_status":"closed","sticky":false,"template":"","format":"standard","meta":{"footnotes":""},"categories":[1],"tags":[],"class_list":["post-8554","post","type-post","status-publish","format-standard","has-post-thumbnail","hentry","category-cronica"],"_links":{"self":[{"href":"https:\/\/www.radiopresidenteibanez.cl\/web\/wp-json\/wp\/v2\/posts\/8554","targetHints":{"allow":["GET"]}}],"collection":[{"href":"https:\/\/www.radiopresidenteibanez.cl\/web\/wp-json\/wp\/v2\/posts"}],"about":[{"href":"https:\/\/www.radiopresidenteibanez.cl\/web\/wp-json\/wp\/v2\/types\/post"}],"author":[{"embeddable":true,"href":"https:\/\/www.radiopresidenteibanez.cl\/web\/wp-json\/wp\/v2\/users\/2"}],"replies":[{"embeddable":true,"href":"https:\/\/www.radiopresidenteibanez.cl\/web\/wp-json\/wp\/v2\/comments?post=8554"}],"version-history":[{"count":0,"href":"https:\/\/www.radiopresidenteibanez.cl\/web\/wp-json\/wp\/v2\/posts\/8554\/revisions"}],"wp:featuredmedia":[{"embeddable":true,"href":"https:\/\/www.radiopresidenteibanez.cl\/web\/wp-json\/wp\/v2\/media\/8555"}],"wp:attachment":[{"href":"https:\/\/www.radiopresidenteibanez.cl\/web\/wp-json\/wp\/v2\/media?parent=8554"}],"wp:term":[{"taxonomy":"category","embeddable":true,"href":"https:\/\/www.radiopresidenteibanez.cl\/web\/wp-json\/wp\/v2\/categories?post=8554"},{"taxonomy":"post_tag","embeddable":true,"href":"https:\/\/www.radiopresidenteibanez.cl\/web\/wp-json\/wp\/v2\/tags?post=8554"}],"curies":[{"name":"wp","href":"https:\/\/api.w.org\/{rel}","templated":true}]}}