{"id":8541,"date":"2019-12-15T19:12:42","date_gmt":"2019-12-15T19:12:42","guid":{"rendered":"https:\/\/www.radiopresidenteibanez.cl\/web\/?p=8541"},"modified":"2019-12-15T19:12:45","modified_gmt":"2019-12-15T19:12:45","slug":"el-hombre-que-se-enamoro-de-puerto-natales-y-ayudo-a-forjar-lo-mejor-de-la-agricultura-de-magallanes","status":"publish","type":"post","link":"https:\/\/www.radiopresidenteibanez.cl\/web\/el-hombre-que-se-enamoro-de-puerto-natales-y-ayudo-a-forjar-lo-mejor-de-la-agricultura-de-magallanes\/","title":{"rendered":"EL HOMBRE QUE SE ENAMOR\u00d3 DE PUERTO NATALES Y AYUD\u00d3 A FORJAR LO MEJOR DE LA AGRICULTURA DE MAGALLANES"},"content":{"rendered":"\n<p>El a\u00f1o 1976, la escuela Agr\u00edcola Las Mercedes cerr\u00f3. Estuvo\nubicada a poco m\u00e1s de doce kil\u00f3metros de Porvenir, y fue un centro de\npreparaci\u00f3n te\u00f3rico y pr\u00e1ctico para j\u00f3venes.&nbsp;\nUn internado por el que pasaron varias generaciones, ah\u00ed aprendieron a\nproducir alimentos en condiciones extremas. Hoy los recuerdos se resisten al\nolvido y muchos como Ram\u00f3n Guala Oyarzo, 65 a\u00f1os, la evocan como si se tratara\nde un tesoro que \u201cdeber\u00eda recuperarse\u201d para la regi\u00f3n.&nbsp; <\/p>\n\n\n\n<p>\u201cAh\u00ed termin\u00e9 cuarto medio, el a\u00f1o 1974. Empez\u00e1bamos a las 6\nde&nbsp; la ma\u00f1ana. Primero, recorr\u00edamos las\nsiembras, luego \u00edbamos a misa, y esper\u00e1bamos ansiosos el momento de la hostia,\nyo imaginaba que era un pan con mermelada, porque reci\u00e9n a las nueve de la\nma\u00f1ana tom\u00e1bamos desayuno\u201d, cuenta Ram\u00f3n Guala Oyarzo, 65 a\u00f1os, a sus ex\ncolegas de INDAP, en una despedida que le organizaron despu\u00e9s de cuarenta a\u00f1os\nde servicio.<\/p>\n\n\n\n<p>Queda en silencio. Piensa y sus palabras vuelven del pasado\ncon m\u00e1s pasi\u00f3n: \u201cLa escuela fue una tremenda experiencia y un gran aprendizaje\npara todos quienes pasamos por ah\u00ed. Teor\u00eda y pr\u00e1ctica iban de la mano. Era una\noportunidad para que los j\u00f3venes siguieran vincul\u00e1ndose con la tierra. Hoy,\nfalta un lugar de esas caracter\u00edsticas, que inspire a los nuevas generaciones y\nlos haga enamorarse del trabajo con la naturaleza\u201d, medita.<\/p>\n\n\n\n<p>Ram\u00f3n Guala el a\u00f1o 1982 lleg\u00f3 a trabajar al \u00c1rea de INDAP en\nPuerto Natales. A los pocos minutos qued\u00f3 encandilado con el canal Se\u00f1oret, la\nmajestuosidad del Cero Dorotea, y la galer\u00eda de fiordos y glaciares que\nsostienen la peque\u00f1a localidad tur\u00edstica.<\/p>\n\n\n\n<p>\u201cLa primera vez que postul\u00e9 a INDAP, no me result\u00f3. El que\nestaba de director me pregunt\u00f3: \u2018cu\u00e1l es el efecto del arado subsolador\u2019, ese\nimplemento ac\u00e1 no se usa, le respond\u00ed. Y me dijo pero Usted tiene que saberlo.\nVolv\u00ed a insistir, y el a\u00f1o 1982, ingres\u00e9 despu\u00e9s de la respectiva prueba\u201d,\ncuenta.<\/p>\n\n\n\n<p>Particip\u00f3 en la construcci\u00f3n de los primeros invernaderos en\nel sector de Huertos Familiares y ha visto c\u00f3mo crece y mejora la agricultura.\n\u201cDesde entonces todo ha cambiado mucho. Hoy hay una agricultura bien\nprofesional que recoge la experiencia del pasado y recibe un fuerte apoyo\necon\u00f3mico y de capacitaci\u00f3n de parte de INDAP.&nbsp;\nNosotros partimos generando acuerdos con la FAO para que nos apoyaran\ncon infraestructura, golpeamos muchas puertas y siento gran satisfacci\u00f3n, as\u00ed\nsalieron los primeros invernaderos\u201d, precisa Guala.<\/p>\n\n\n\n<p>\u00bfQu\u00e9 importancia le da a la agricultura de la zona?<\/p>\n\n\n\n<p>\u201cLo importante es seguir luchando por la Agricultura\nFamiliar Campesina, se lo merece. No hay que olvidarse que sostiene al pa\u00eds,\nlos grandes productores lo que hacen es vender todo para afuera, sino existiera\nla peque\u00f1a agricultura, no tendr\u00edamos que comer. En la zona hay cinco a\u00f1os\nbuenos y cinco a\u00f1os malos, por eso hay que seguir luchando, pese a todos los\ninconvenientes.&nbsp; As\u00ed que paciencia con\nMagallanes\u2026 Somos pocos pero buenos\u201d, dice.<\/p>\n\n\n\n<p>A diario recorre los sectores de Dorotea, Huertos Familiares\ne Isabel Riquelme y ahora que jubil\u00f3 dice que lo seguir\u00e1 haciendo, porque hay\nun fuerte v\u00ednculo con la zona. \u201cNac\u00ed en Punta Arenas, viv\u00ed en Porvenir y me\nenamor\u00e9 apenas llegu\u00e9 el 2 de febrero de 1982 a Puerto Natales y no me fui m\u00e1s.\nAc\u00e1 me cas\u00e9, tuve a mi hijo y un nieto. Hoy si me preguntan de d\u00f3nde soy, digo\nsin pensarlo: \u00a1Yo soy natalino!\u201d.<\/p>\n","protected":false},"excerpt":{"rendered":"<p>El a\u00f1o 1976, la escuela Agr\u00edcola Las Mercedes cerr\u00f3. Estuvo ubicada a poco m\u00e1s de doce kil\u00f3metros de Porvenir, y fue un centro de preparaci\u00f3n te\u00f3rico y pr\u00e1ctico para j\u00f3venes.&nbsp;&#8230; <a class=\"read-more\" href=\"https:\/\/www.radiopresidenteibanez.cl\/web\/el-hombre-que-se-enamoro-de-puerto-natales-y-ayudo-a-forjar-lo-mejor-de-la-agricultura-de-magallanes\/\">Leer m\u00e1s<\/a><\/p>\n","protected":false},"author":2,"featured_media":8542,"comment_status":"closed","ping_status":"closed","sticky":false,"template":"","format":"standard","meta":{"footnotes":""},"categories":[1],"tags":[],"class_list":["post-8541","post","type-post","status-publish","format-standard","has-post-thumbnail","hentry","category-cronica"],"_links":{"self":[{"href":"https:\/\/www.radiopresidenteibanez.cl\/web\/wp-json\/wp\/v2\/posts\/8541","targetHints":{"allow":["GET"]}}],"collection":[{"href":"https:\/\/www.radiopresidenteibanez.cl\/web\/wp-json\/wp\/v2\/posts"}],"about":[{"href":"https:\/\/www.radiopresidenteibanez.cl\/web\/wp-json\/wp\/v2\/types\/post"}],"author":[{"embeddable":true,"href":"https:\/\/www.radiopresidenteibanez.cl\/web\/wp-json\/wp\/v2\/users\/2"}],"replies":[{"embeddable":true,"href":"https:\/\/www.radiopresidenteibanez.cl\/web\/wp-json\/wp\/v2\/comments?post=8541"}],"version-history":[{"count":0,"href":"https:\/\/www.radiopresidenteibanez.cl\/web\/wp-json\/wp\/v2\/posts\/8541\/revisions"}],"wp:featuredmedia":[{"embeddable":true,"href":"https:\/\/www.radiopresidenteibanez.cl\/web\/wp-json\/wp\/v2\/media\/8542"}],"wp:attachment":[{"href":"https:\/\/www.radiopresidenteibanez.cl\/web\/wp-json\/wp\/v2\/media?parent=8541"}],"wp:term":[{"taxonomy":"category","embeddable":true,"href":"https:\/\/www.radiopresidenteibanez.cl\/web\/wp-json\/wp\/v2\/categories?post=8541"},{"taxonomy":"post_tag","embeddable":true,"href":"https:\/\/www.radiopresidenteibanez.cl\/web\/wp-json\/wp\/v2\/tags?post=8541"}],"curies":[{"name":"wp","href":"https:\/\/api.w.org\/{rel}","templated":true}]}}