{"id":8535,"date":"2019-12-15T17:16:20","date_gmt":"2019-12-15T17:16:20","guid":{"rendered":"https:\/\/www.radiopresidenteibanez.cl\/web\/?p=8535"},"modified":"2019-12-15T17:16:25","modified_gmt":"2019-12-15T17:16:25","slug":"mas-de-60-personas-analizaron-como-desean-que-punta-arenas-sea-en-el-futuro","status":"publish","type":"post","link":"https:\/\/www.radiopresidenteibanez.cl\/web\/mas-de-60-personas-analizaron-como-desean-que-punta-arenas-sea-en-el-futuro\/","title":{"rendered":"M\u00c1S DE 60 PERSONAS ANALIZARON C\u00d3MO DESEAN QUE PUNTA ARENAS SEA EN EL FUTURO"},"content":{"rendered":"\n<p>M\u00e1s de sesenta personas participaron de la Sesi\u00f3n Ampliada del proyecto \u201cPunta Arenas: la ciudad que queremos\u201d, iniciativa de la C\u00e1mara Chilena de la Construcci\u00f3n de Punta Arenas, en conjunto con Corporaci\u00f3n Ciudades, que tiene por objetivo impulsar un proceso de di\u00e1logo p\u00fablico-privado que permita acordar una visi\u00f3n de ciudad con mirada integrada y de largo plazo que mejore el bienestar territorial de los habitantes de la capital de la regi\u00f3n de Magallanes.<\/p>\n\n\n\n<p>\u201cQueremos proyectar lo que es la ciudad de Punta Arenas y que ello sirva como base para que se puede repetir el ejercicio en otras urbes. Hoy en d\u00eda las ciudades cambian, son sumamente din\u00e1micas: var\u00eda la poblaci\u00f3n, la densificaci\u00f3n, existen problemas de diversa \u00edndole, etc. Todo esto implica mayores desaf\u00edos a resolver y por eso creemos que es importante reunirnos en estos espacios a pensar qu\u00e9 ciudad queremos entregarle a nuestros nietos\u201d, se\u00f1al\u00f3 Carlos Braun, vicepresidente de la C\u00e1mara de Punta Arenas.<\/p>\n\n\n\n<p>Durante la Sesi\u00f3n Ampliada de la Mesa de \u201cPunta Arenas: la ciudad que queremos\u201d, m\u00faltiples actores de la ciudad puntarenense dedicados a distintos \u00e1mbitos, como ciencias, transporte, turismo, juntas vecinales, etc., se organizaron en grupos de ocho personas para analizar cu\u00e1l es el ADN de Punta Arenas, el cual est\u00e1 conformado por una pir\u00e1mide compuesta por el factor diferenciador, sus pilares, sus valores, su personalidad y sus beneficios funcionales y emocionales.<\/p>\n\n\n\n<p>En el sal\u00f3n de eventos de Cordenap, se lleg\u00f3 a la conclusi\u00f3n que uno de los lemas del trabajo realizado, del ADN de la ciudad de Punta Arenas es \u201cViento y Marea\u201d:&nbsp;<em>La fuerza de la naturaleza nos seduce, nos somete, nos desaf\u00eda. El sonido del viento rozando nuestros o\u00eddos son la expresi\u00f3n consciente de que estamos vivos. Sabemos que en esa inmensidad construimos nuestro refugio, hacemos frente a la marea utilizando el viento a nuestro favor, porque lo conocemos y lo respetamos. Es as\u00ed como aprendimos que la ruta es buena si todos ayudamos a mantener firme el tim\u00f3n.<\/em><\/p>\n\n\n\n<p>\u201cFue un momento muy agradable y estoy orgulloso de haber participado de la b\u00fasqueda del ADN de Punta Arenas y ojal\u00e1 podamos lograr un desarrollo arm\u00f3nico de la ciudad. Es un ejercicio muy necesario: que todo el \u00e1mbito social pueda conversar y expresar sus puntos de vista, m\u00e1s ahora que se requiere a\u00fan m\u00e1s trabajar en conjunto\u201d, indic\u00f3 Eduardo C\u00e1rdenas, jefe de Divisi\u00f3n&nbsp;Desarrollo Social y Humano del Gobierno Regional.<\/p>\n\n\n\n<p>Por su parte Jorge Flies, ex intendente de la regi\u00f3n de Magallanes y Ant\u00e1rtica Chilena, valor\u00f3 la iniciativa de la C\u00e1mara local en conjunto con Corporaci\u00f3n Ciudad. \u201cLo que se est\u00e1 construyendo, as\u00ed en conjunto, tiene mayor riqueza que otras instancias de imposiciones o visiones individualistas. En ese aspecto, el poder compartir puntos de vista y unificar criterios es muy bueno, y sobre todo cuando se analiza la ciudad que ya tenemos y la que deseamos a futuro. Hoy tenemos la oportunidad de planificar la ciudad de Punta Arenas para los que vienen: es fundamental la planificaci\u00f3n para mantener la calidad de vida que tenemos\u201d, concluy\u00f3 Flies.&nbsp;&nbsp;<\/p>\n","protected":false},"excerpt":{"rendered":"<p>M\u00e1s de sesenta personas participaron de la Sesi\u00f3n Ampliada del proyecto \u201cPunta Arenas: la ciudad que queremos\u201d, iniciativa de la C\u00e1mara Chilena de la Construcci\u00f3n de Punta Arenas, en conjunto&#8230; <a class=\"read-more\" href=\"https:\/\/www.radiopresidenteibanez.cl\/web\/mas-de-60-personas-analizaron-como-desean-que-punta-arenas-sea-en-el-futuro\/\">Leer m\u00e1s<\/a><\/p>\n","protected":false},"author":2,"featured_media":8536,"comment_status":"closed","ping_status":"closed","sticky":false,"template":"","format":"standard","meta":{"footnotes":""},"categories":[1],"tags":[],"class_list":["post-8535","post","type-post","status-publish","format-standard","has-post-thumbnail","hentry","category-cronica"],"_links":{"self":[{"href":"https:\/\/www.radiopresidenteibanez.cl\/web\/wp-json\/wp\/v2\/posts\/8535","targetHints":{"allow":["GET"]}}],"collection":[{"href":"https:\/\/www.radiopresidenteibanez.cl\/web\/wp-json\/wp\/v2\/posts"}],"about":[{"href":"https:\/\/www.radiopresidenteibanez.cl\/web\/wp-json\/wp\/v2\/types\/post"}],"author":[{"embeddable":true,"href":"https:\/\/www.radiopresidenteibanez.cl\/web\/wp-json\/wp\/v2\/users\/2"}],"replies":[{"embeddable":true,"href":"https:\/\/www.radiopresidenteibanez.cl\/web\/wp-json\/wp\/v2\/comments?post=8535"}],"version-history":[{"count":0,"href":"https:\/\/www.radiopresidenteibanez.cl\/web\/wp-json\/wp\/v2\/posts\/8535\/revisions"}],"wp:featuredmedia":[{"embeddable":true,"href":"https:\/\/www.radiopresidenteibanez.cl\/web\/wp-json\/wp\/v2\/media\/8536"}],"wp:attachment":[{"href":"https:\/\/www.radiopresidenteibanez.cl\/web\/wp-json\/wp\/v2\/media?parent=8535"}],"wp:term":[{"taxonomy":"category","embeddable":true,"href":"https:\/\/www.radiopresidenteibanez.cl\/web\/wp-json\/wp\/v2\/categories?post=8535"},{"taxonomy":"post_tag","embeddable":true,"href":"https:\/\/www.radiopresidenteibanez.cl\/web\/wp-json\/wp\/v2\/tags?post=8535"}],"curies":[{"name":"wp","href":"https:\/\/api.w.org\/{rel}","templated":true}]}}