{"id":8520,"date":"2019-12-11T14:29:26","date_gmt":"2019-12-11T14:29:26","guid":{"rendered":"https:\/\/www.radiopresidenteibanez.cl\/web\/?p=8520"},"modified":"2019-12-11T14:29:31","modified_gmt":"2019-12-11T14:29:31","slug":"cremosos-fc-se-corono-campeon-de-la-copa-gasco-magallanes","status":"publish","type":"post","link":"https:\/\/www.radiopresidenteibanez.cl\/web\/cremosos-fc-se-corono-campeon-de-la-copa-gasco-magallanes\/","title":{"rendered":"CREMOSOS FC SE CORON\u00d3 CAMPE\u00d3N DE LA COPA GASCO MAGALLANES"},"content":{"rendered":"\n<p>Tras cuatro meses de intensa y sana competencia el domingo 8 de diciembre lleg\u00f3 a su fin el Tercer Torneo de la Temporada de Liga Le\u00f1adura Young, la mayor competencia futbol\u00edstica para j\u00f3venes en la regi\u00f3n. Como es tradici\u00f3n Gasco Magallanes fue el principal impulsor de esta competencia, junto a otros emprendimientos locales, que apoyan el deporte regional.<\/p>\n\n\n\n<p>Una multitud se congreg\u00f3 en el recinto de la Confederaci\u00f3n Deportiva para ver coronarse a los campeones. Cremosos FC se titul\u00f3 monarca de la Copa de Plata, al superar 5-1 a Chicho FC. Bernasconi se colg\u00f3 la medalla de bronce al superar a Barrio Bajo 3-0. Mientras que la gran final y la Copa Gasco Magallanes qued\u00f3 en poder de Pampa Alegre Jr, que por segunda vez se corona en Liga Le\u00f1adura, en un excelente encuentro super\u00f3 a Eternas Promesas por 3-1.<\/p>\n\n\n\n<p>Ahora solo resta definir qui\u00e9n ser\u00e1 el monarca de la Temporada 2019, cuando jueguen en los pr\u00f3ximos d\u00edas Barrio Bajo (Campe\u00f3n Torneos de Verano y Apertura) vs Pampa Alegre Jr (Campe\u00f3n Coupe de la Ligue y Clausura). El vencedor representar\u00e1 a Magallanes (junto a Scout FEM ) en el pr\u00f3ximo Nacional de Futbol 7 Santiago 2020 a realizarse en marzo pr\u00f3ximo, donde estar\u00e1n en juego 3 boletos (1 femenino y 2 masculinos)&nbsp; a la Copa Libertadores R\u00edo de Janeiro 2020.<\/p>\n\n\n\n<p>Gasco Magallanes felicita a la todos los participantes de estas ligas deportivas, as\u00ed como a la organizaci\u00f3n por la excelente competencia,<\/p>\n\n\n\n<p>\u201cEsperamos seguir impulsado este y otros deportes regionales en el futuro, que entregan espacios de sana entretenci\u00f3n a j\u00f3venes, damas y adultos\u201d, dijo Gonzalo Herrera, Gerente Comercial de la empresa.<\/p>\n","protected":false},"excerpt":{"rendered":"<p>Tras cuatro meses de intensa y sana competencia el domingo 8 de diciembre lleg\u00f3 a su fin el Tercer Torneo de la Temporada de Liga Le\u00f1adura Young, la mayor competencia&#8230; <a class=\"read-more\" href=\"https:\/\/www.radiopresidenteibanez.cl\/web\/cremosos-fc-se-corono-campeon-de-la-copa-gasco-magallanes\/\">Leer m\u00e1s<\/a><\/p>\n","protected":false},"author":2,"featured_media":8521,"comment_status":"closed","ping_status":"closed","sticky":false,"template":"","format":"standard","meta":{"footnotes":""},"categories":[1],"tags":[],"class_list":["post-8520","post","type-post","status-publish","format-standard","has-post-thumbnail","hentry","category-cronica"],"_links":{"self":[{"href":"https:\/\/www.radiopresidenteibanez.cl\/web\/wp-json\/wp\/v2\/posts\/8520","targetHints":{"allow":["GET"]}}],"collection":[{"href":"https:\/\/www.radiopresidenteibanez.cl\/web\/wp-json\/wp\/v2\/posts"}],"about":[{"href":"https:\/\/www.radiopresidenteibanez.cl\/web\/wp-json\/wp\/v2\/types\/post"}],"author":[{"embeddable":true,"href":"https:\/\/www.radiopresidenteibanez.cl\/web\/wp-json\/wp\/v2\/users\/2"}],"replies":[{"embeddable":true,"href":"https:\/\/www.radiopresidenteibanez.cl\/web\/wp-json\/wp\/v2\/comments?post=8520"}],"version-history":[{"count":0,"href":"https:\/\/www.radiopresidenteibanez.cl\/web\/wp-json\/wp\/v2\/posts\/8520\/revisions"}],"wp:featuredmedia":[{"embeddable":true,"href":"https:\/\/www.radiopresidenteibanez.cl\/web\/wp-json\/wp\/v2\/media\/8521"}],"wp:attachment":[{"href":"https:\/\/www.radiopresidenteibanez.cl\/web\/wp-json\/wp\/v2\/media?parent=8520"}],"wp:term":[{"taxonomy":"category","embeddable":true,"href":"https:\/\/www.radiopresidenteibanez.cl\/web\/wp-json\/wp\/v2\/categories?post=8520"},{"taxonomy":"post_tag","embeddable":true,"href":"https:\/\/www.radiopresidenteibanez.cl\/web\/wp-json\/wp\/v2\/tags?post=8520"}],"curies":[{"name":"wp","href":"https:\/\/api.w.org\/{rel}","templated":true}]}}