{"id":8515,"date":"2019-12-11T14:23:46","date_gmt":"2019-12-11T14:23:46","guid":{"rendered":"https:\/\/www.radiopresidenteibanez.cl\/web\/?p=8515"},"modified":"2019-12-11T14:23:49","modified_gmt":"2019-12-11T14:23:49","slug":"concurso-publico-para-proveer-el-cargo-de-secretario-ejecutivo-del-consejo-regional-de-magallanes-y-de-la-antartica-chilena","status":"publish","type":"post","link":"https:\/\/www.radiopresidenteibanez.cl\/web\/concurso-publico-para-proveer-el-cargo-de-secretario-ejecutivo-del-consejo-regional-de-magallanes-y-de-la-antartica-chilena\/","title":{"rendered":"CONCURSO P\u00daBLICO PARA PROVEER EL CARGO DE SECRETARIO EJECUTIVO DEL CONSEJO REGIONAL DE MAGALLANES Y DE LA ANT\u00c1RTICA CHILENA"},"content":{"rendered":"\n<p>Luego de declararse desierto a mediados de este a\u00f1o, se dio inici\u00f3 a un nuevo proceso p\u00fablico de llamado a concurso para la selecci\u00f3n del cargo de Secretario Ejecutivo del Consejo Regional con la convocatoria el domingo reci\u00e9n pasado a trav\u00e9s de los diarios de circulaci\u00f3n regional.<\/p>\n\n\n\n<p>Las bases del concurso ya hab\u00edan sido aprobadas en el mes de agosto de este a\u00f1o por la Comisi\u00f3n de R\u00e9gimen Interior del Consejo Regional en conjunto con el Presidente del CORE y los antecedentes fueron enviados a la Divisi\u00f3n de Administraci\u00f3n y Finanzas (DAF) del Gobierno Regional que dirige el Sr. Hector Milovic.<\/p>\n\n\n\n<p>Luego que esta Divisi\u00f3n seleccionara una entidad externa dedicada al reclutamiento de personal para que dirija el proceso de selecci\u00f3n, \u00e9sta dio inicio al concurso p\u00fablico con la referida publicaci\u00f3n.<\/p>\n\n\n\n<p>Los requisitos generales y espec\u00edficos de postulaci\u00f3n se encuentran disponibles en la p\u00e1gina web:\u00a0<a rel=\"noreferrer noopener\" href=\"http:\/\/www.goremagallanes.cl\/\" target=\"_blank\">http:\/\/www.goremagallanes.cl<\/a>\u00a0y el plazo para postular vence el d\u00eda viernes 20 de diciembre de 2019.<\/p>\n","protected":false},"excerpt":{"rendered":"<p>Luego de declararse desierto a mediados de este a\u00f1o, se dio inici\u00f3 a un nuevo proceso p\u00fablico de llamado a concurso para la selecci\u00f3n del cargo de Secretario Ejecutivo del&#8230; <a class=\"read-more\" href=\"https:\/\/www.radiopresidenteibanez.cl\/web\/concurso-publico-para-proveer-el-cargo-de-secretario-ejecutivo-del-consejo-regional-de-magallanes-y-de-la-antartica-chilena\/\">Leer m\u00e1s<\/a><\/p>\n","protected":false},"author":2,"featured_media":8516,"comment_status":"closed","ping_status":"closed","sticky":false,"template":"","format":"standard","meta":{"footnotes":""},"categories":[1],"tags":[],"class_list":["post-8515","post","type-post","status-publish","format-standard","has-post-thumbnail","hentry","category-cronica"],"_links":{"self":[{"href":"https:\/\/www.radiopresidenteibanez.cl\/web\/wp-json\/wp\/v2\/posts\/8515","targetHints":{"allow":["GET"]}}],"collection":[{"href":"https:\/\/www.radiopresidenteibanez.cl\/web\/wp-json\/wp\/v2\/posts"}],"about":[{"href":"https:\/\/www.radiopresidenteibanez.cl\/web\/wp-json\/wp\/v2\/types\/post"}],"author":[{"embeddable":true,"href":"https:\/\/www.radiopresidenteibanez.cl\/web\/wp-json\/wp\/v2\/users\/2"}],"replies":[{"embeddable":true,"href":"https:\/\/www.radiopresidenteibanez.cl\/web\/wp-json\/wp\/v2\/comments?post=8515"}],"version-history":[{"count":0,"href":"https:\/\/www.radiopresidenteibanez.cl\/web\/wp-json\/wp\/v2\/posts\/8515\/revisions"}],"wp:featuredmedia":[{"embeddable":true,"href":"https:\/\/www.radiopresidenteibanez.cl\/web\/wp-json\/wp\/v2\/media\/8516"}],"wp:attachment":[{"href":"https:\/\/www.radiopresidenteibanez.cl\/web\/wp-json\/wp\/v2\/media?parent=8515"}],"wp:term":[{"taxonomy":"category","embeddable":true,"href":"https:\/\/www.radiopresidenteibanez.cl\/web\/wp-json\/wp\/v2\/categories?post=8515"},{"taxonomy":"post_tag","embeddable":true,"href":"https:\/\/www.radiopresidenteibanez.cl\/web\/wp-json\/wp\/v2\/tags?post=8515"}],"curies":[{"name":"wp","href":"https:\/\/api.w.org\/{rel}","templated":true}]}}