{"id":8512,"date":"2019-12-11T14:19:48","date_gmt":"2019-12-11T14:19:48","guid":{"rendered":"https:\/\/www.radiopresidenteibanez.cl\/web\/?p=8512"},"modified":"2019-12-11T14:19:51","modified_gmt":"2019-12-11T14:19:51","slug":"con-gran-marco-de-publico-la-municipalidad-de-porvenir-realizo-el-tradicional-encendido-del-arbol-de-navidad","status":"publish","type":"post","link":"https:\/\/www.radiopresidenteibanez.cl\/web\/con-gran-marco-de-publico-la-municipalidad-de-porvenir-realizo-el-tradicional-encendido-del-arbol-de-navidad\/","title":{"rendered":"CON GRAN MARCO DE P\u00daBLICO LA MUNICIPALIDAD DE PORVENIR REALIZ\u00d3 EL TRADICIONAL ENCENDIDO DEL \u00c1RBOL DE NAVIDAD"},"content":{"rendered":"\n<p>A pesar de las adversas condiciones\nclim\u00e1ticas que afectaron a la capital de Tierra del Fuego, como es costumbre y\ncada a\u00f1o se efect\u00faa el encendido del \u00e1rbol de navidad en Porvenir. En la\nantesala del encendido, los asistentes disfrutaron junto a al grupo semillero \u201cGastoncitos\u201d y Adultas Mayores de la\nAgrupaci\u00f3n \u201cCarlos Baigorri\u201d, quienes interpretaron hermosos villancicos.<\/p>\n\n\n\n<p>El \u00c1rbol de\nnavidad, en su ornamentaci\u00f3n exhibe luces de colores del tipo led de \u00faltima\ntecnolog\u00eda -que permiten ahorro y eficiencia energ\u00e9tica-. El tan esperado\nencendido se realiz\u00f3 a las 22,30 horas y estuvo a cargo de la alcaldesa, junto\na los concejales de la comuna.<\/p>\n\n\n\n<p>La Alcaldesa\nde Porvenir, Marisol Andrade C\u00e1rdenas, indic\u00f3 \u201cque con esta actividad se ha\ndado el inicio a las festividades navide\u00f1as en la comuna, pero lo m\u00e1s simb\u00f3lico\ny lo que toda la comunidad espera es el encendido del \u00e1rbol\u201d.<\/p>\n\n\n\n<p>Agreg\u00f3 la jefa\ncomunal, que desde el a\u00f1o pasado se quiso utilizar otra modalidad y es llevar\nla navidad a distintos sectores de Porvenir y es as\u00ed que nuevamente ese a\u00f1o se\nrealiz\u00f3 en el barrio alto de la comuna que comprende el sector de la junta de\nvecinos n\u00famero 1 y tambi\u00e9n la junta 4.<\/p>\n\n\n\n<p>Finalmente, la\nprimera autoridad comunal, agradeci\u00f3 el trabajo de los funcionarios de la\nmunicipalidad, por el trabajo que realizaron y entregaron a la comunidad un\nbello \u00e1rbol de navidad y tambi\u00e9n agradeci\u00f3 a cada ni\u00f1o a cada persona que\ncolaboraron en lo que fue el show previo al encendido del \u00e1rbol. Unas 300\npersonas participaron del encendido de las luminarias del \u00e1rbol de navidad\noficial de Porvenir, creado por la municipalidad fueguina en el parque\nEsmeralda de nuestra comuna, este \u00e1rbol navide\u00f1o tiene una altura de m\u00e1s de 12\nmetros.<\/p>\n","protected":false},"excerpt":{"rendered":"<p>A pesar de las adversas condiciones clim\u00e1ticas que afectaron a la capital de Tierra del Fuego, como es costumbre y cada a\u00f1o se efect\u00faa el encendido del \u00e1rbol de navidad&#8230; <a class=\"read-more\" href=\"https:\/\/www.radiopresidenteibanez.cl\/web\/con-gran-marco-de-publico-la-municipalidad-de-porvenir-realizo-el-tradicional-encendido-del-arbol-de-navidad\/\">Leer m\u00e1s<\/a><\/p>\n","protected":false},"author":2,"featured_media":8513,"comment_status":"closed","ping_status":"closed","sticky":false,"template":"","format":"standard","meta":{"footnotes":""},"categories":[1],"tags":[],"class_list":["post-8512","post","type-post","status-publish","format-standard","has-post-thumbnail","hentry","category-cronica"],"_links":{"self":[{"href":"https:\/\/www.radiopresidenteibanez.cl\/web\/wp-json\/wp\/v2\/posts\/8512","targetHints":{"allow":["GET"]}}],"collection":[{"href":"https:\/\/www.radiopresidenteibanez.cl\/web\/wp-json\/wp\/v2\/posts"}],"about":[{"href":"https:\/\/www.radiopresidenteibanez.cl\/web\/wp-json\/wp\/v2\/types\/post"}],"author":[{"embeddable":true,"href":"https:\/\/www.radiopresidenteibanez.cl\/web\/wp-json\/wp\/v2\/users\/2"}],"replies":[{"embeddable":true,"href":"https:\/\/www.radiopresidenteibanez.cl\/web\/wp-json\/wp\/v2\/comments?post=8512"}],"version-history":[{"count":0,"href":"https:\/\/www.radiopresidenteibanez.cl\/web\/wp-json\/wp\/v2\/posts\/8512\/revisions"}],"wp:featuredmedia":[{"embeddable":true,"href":"https:\/\/www.radiopresidenteibanez.cl\/web\/wp-json\/wp\/v2\/media\/8513"}],"wp:attachment":[{"href":"https:\/\/www.radiopresidenteibanez.cl\/web\/wp-json\/wp\/v2\/media?parent=8512"}],"wp:term":[{"taxonomy":"category","embeddable":true,"href":"https:\/\/www.radiopresidenteibanez.cl\/web\/wp-json\/wp\/v2\/categories?post=8512"},{"taxonomy":"post_tag","embeddable":true,"href":"https:\/\/www.radiopresidenteibanez.cl\/web\/wp-json\/wp\/v2\/tags?post=8512"}],"curies":[{"name":"wp","href":"https:\/\/api.w.org\/{rel}","templated":true}]}}