{"id":851,"date":"2019-01-29T14:19:14","date_gmt":"2019-01-29T14:19:14","guid":{"rendered":"http:\/\/www.radiopresidenteibanez.cl\/web\/?p=851"},"modified":"2019-01-29T14:19:37","modified_gmt":"2019-01-29T14:19:37","slug":"audio-hace-39-anos-magallanes-grito-punta-arenas-campeon-un-hito-destacado-en-el-deporte-regional","status":"publish","type":"post","link":"https:\/\/www.radiopresidenteibanez.cl\/web\/audio-hace-39-anos-magallanes-grito-punta-arenas-campeon-un-hito-destacado-en-el-deporte-regional\/","title":{"rendered":"(AUDIO) HACE 39 A\u00d1OS MAGALLANES GRIT\u00d3 \u00a1PUNTA ARENAS CAMPE\u00d3N! UN HITO DESTACADO EN EL DEPORTE REGIONAL"},"content":{"rendered":"\n<p>El pasado domingo 27 de enero, se conmemor\u00f3 los 39 a\u00f1os del Campeonato Nacional de Futbol Amateur, que se realiz\u00f3 en Punta Arenas, en la ocasi\u00f3n se marco un hito bastante importante en el deporte regional, esto cuando Punta Arenas grit\u00f3 \u00a1CAMPE\u00d3N! le dejamos un video con parte del audio de lo que fue la transmisi\u00f3n realizada para Radio Presidente Ib\u00e1\u00f1ez.<\/p>\n\n\n\n<figure class=\"wp-block-embed-facebook wp-block-embed is-type-video is-provider-facebook\"><div class=\"wp-block-embed__wrapper\">\nhttps:\/\/www.facebook.com\/francisco.p.juan\/videos\/10218846901986104\/\n<\/div><\/figure>\n","protected":false},"excerpt":{"rendered":"<p>El pasado domingo 27 de enero, se conmemor\u00f3 los 39 a\u00f1os del Campeonato Nacional de Futbol Amateur, que se realiz\u00f3 en Punta Arenas, en la ocasi\u00f3n se marco un hito&#8230; <a class=\"read-more\" href=\"https:\/\/www.radiopresidenteibanez.cl\/web\/audio-hace-39-anos-magallanes-grito-punta-arenas-campeon-un-hito-destacado-en-el-deporte-regional\/\">Leer m\u00e1s<\/a><\/p>\n","protected":false},"author":2,"featured_media":0,"comment_status":"closed","ping_status":"closed","sticky":false,"template":"","format":"standard","meta":{"footnotes":""},"categories":[8,3,36],"tags":[],"class_list":["post-851","post","type-post","status-publish","format-standard","hentry","category-audios","category-deportes","category-videos"],"_links":{"self":[{"href":"https:\/\/www.radiopresidenteibanez.cl\/web\/wp-json\/wp\/v2\/posts\/851","targetHints":{"allow":["GET"]}}],"collection":[{"href":"https:\/\/www.radiopresidenteibanez.cl\/web\/wp-json\/wp\/v2\/posts"}],"about":[{"href":"https:\/\/www.radiopresidenteibanez.cl\/web\/wp-json\/wp\/v2\/types\/post"}],"author":[{"embeddable":true,"href":"https:\/\/www.radiopresidenteibanez.cl\/web\/wp-json\/wp\/v2\/users\/2"}],"replies":[{"embeddable":true,"href":"https:\/\/www.radiopresidenteibanez.cl\/web\/wp-json\/wp\/v2\/comments?post=851"}],"version-history":[{"count":0,"href":"https:\/\/www.radiopresidenteibanez.cl\/web\/wp-json\/wp\/v2\/posts\/851\/revisions"}],"wp:attachment":[{"href":"https:\/\/www.radiopresidenteibanez.cl\/web\/wp-json\/wp\/v2\/media?parent=851"}],"wp:term":[{"taxonomy":"category","embeddable":true,"href":"https:\/\/www.radiopresidenteibanez.cl\/web\/wp-json\/wp\/v2\/categories?post=851"},{"taxonomy":"post_tag","embeddable":true,"href":"https:\/\/www.radiopresidenteibanez.cl\/web\/wp-json\/wp\/v2\/tags?post=851"}],"curies":[{"name":"wp","href":"https:\/\/api.w.org\/{rel}","templated":true}]}}