{"id":8503,"date":"2019-12-11T14:07:28","date_gmt":"2019-12-11T14:07:28","guid":{"rendered":"https:\/\/www.radiopresidenteibanez.cl\/web\/?p=8503"},"modified":"2019-12-11T14:07:32","modified_gmt":"2019-12-11T14:07:32","slug":"alcalde-invita-a-los-natalinos-al-encendido-del-arbol-navideno","status":"publish","type":"post","link":"https:\/\/www.radiopresidenteibanez.cl\/web\/alcalde-invita-a-los-natalinos-al-encendido-del-arbol-navideno\/","title":{"rendered":"ALCALDE INVITA A LOS NATALINOS AL ENCENDIDO DEL \u00c1RBOL NAVIDE\u00d1O"},"content":{"rendered":"\n<p>Hasta la plaza de armas de la\nciudad de Puerto Natales, lleg\u00f3 el alcalde de la comuna para invitar a todos\nlos vecinos a que participen del tradicional encendido de luces del \u00e1rbol de\npascua m\u00e1s grande de la provincia.<\/p>\n\n\n\n<p>Esta actividad se realiza todos\nlos a\u00f1os en conjunto con Edelmag para entregar un espacio remozado para los\nvecinos, imprimiendo el esp\u00edritu navide\u00f1o en el centro de la ciudad a un\ncostado de la locomotora Mc Lleland.<\/p>\n\n\n\n<p>En la instancia, la m\u00e1xima\nautoridad comunal, se\u00f1al\u00f3 que esto busca entregarles alegr\u00edas a nuestros ni\u00f1os\ny entregar una se\u00f1al de paz y unidad para todos. \u201cAprovecho de invitar a toda\nla comunidad natalina a que se congregue en nuestra plaza principal este\nviernes a contar de las 22 horas para poder disfrutar de un momento donde\ntambi\u00e9n van a haber sorpresas y expresiones art\u00edsticas\u201d.<\/p>\n\n\n\n<p>Adem\u00e1s, el alcalde de la comuna,\nFernando Paredes Mansilla, destac\u00f3 que es importante tener un momento de\nalegr\u00eda para todos nuestros vecinos en estas fechas tan importantes que buscan\nreunir al n\u00facleo familiar y disfrutar de las tradiciones navide\u00f1as.<\/p>\n\n\n\n<p>Este acto se realiza a\u00f1o a a\u00f1o y marca\nel inicio del esp\u00edritu navide\u00f1o en la ciudad, el cual busca entregar a la plaza\nde armas una nueva cara y realzar la llegada de la navidad a Puerto Natales.<\/p>\n","protected":false},"excerpt":{"rendered":"<p>Hasta la plaza de armas de la ciudad de Puerto Natales, lleg\u00f3 el alcalde de la comuna para invitar a todos los vecinos a que participen del tradicional encendido de&#8230; <a class=\"read-more\" href=\"https:\/\/www.radiopresidenteibanez.cl\/web\/alcalde-invita-a-los-natalinos-al-encendido-del-arbol-navideno\/\">Leer m\u00e1s<\/a><\/p>\n","protected":false},"author":2,"featured_media":8504,"comment_status":"closed","ping_status":"closed","sticky":false,"template":"","format":"standard","meta":{"footnotes":""},"categories":[1],"tags":[],"class_list":["post-8503","post","type-post","status-publish","format-standard","has-post-thumbnail","hentry","category-cronica"],"_links":{"self":[{"href":"https:\/\/www.radiopresidenteibanez.cl\/web\/wp-json\/wp\/v2\/posts\/8503","targetHints":{"allow":["GET"]}}],"collection":[{"href":"https:\/\/www.radiopresidenteibanez.cl\/web\/wp-json\/wp\/v2\/posts"}],"about":[{"href":"https:\/\/www.radiopresidenteibanez.cl\/web\/wp-json\/wp\/v2\/types\/post"}],"author":[{"embeddable":true,"href":"https:\/\/www.radiopresidenteibanez.cl\/web\/wp-json\/wp\/v2\/users\/2"}],"replies":[{"embeddable":true,"href":"https:\/\/www.radiopresidenteibanez.cl\/web\/wp-json\/wp\/v2\/comments?post=8503"}],"version-history":[{"count":0,"href":"https:\/\/www.radiopresidenteibanez.cl\/web\/wp-json\/wp\/v2\/posts\/8503\/revisions"}],"wp:featuredmedia":[{"embeddable":true,"href":"https:\/\/www.radiopresidenteibanez.cl\/web\/wp-json\/wp\/v2\/media\/8504"}],"wp:attachment":[{"href":"https:\/\/www.radiopresidenteibanez.cl\/web\/wp-json\/wp\/v2\/media?parent=8503"}],"wp:term":[{"taxonomy":"category","embeddable":true,"href":"https:\/\/www.radiopresidenteibanez.cl\/web\/wp-json\/wp\/v2\/categories?post=8503"},{"taxonomy":"post_tag","embeddable":true,"href":"https:\/\/www.radiopresidenteibanez.cl\/web\/wp-json\/wp\/v2\/tags?post=8503"}],"curies":[{"name":"wp","href":"https:\/\/api.w.org\/{rel}","templated":true}]}}