{"id":8501,"date":"2019-12-11T14:04:58","date_gmt":"2019-12-11T14:04:58","guid":{"rendered":"https:\/\/www.radiopresidenteibanez.cl\/web\/?p=8501"},"modified":"2019-12-11T14:05:02","modified_gmt":"2019-12-11T14:05:02","slug":"solicitud-de-diputada-amar-fue-acogida-por-el-ejecutivo-y-se-incluyo-a-magallanes-en-proyecto-de-ley-que-buscara-congelamiento-de-tarifas-electricas","status":"publish","type":"post","link":"https:\/\/www.radiopresidenteibanez.cl\/web\/solicitud-de-diputada-amar-fue-acogida-por-el-ejecutivo-y-se-incluyo-a-magallanes-en-proyecto-de-ley-que-buscara-congelamiento-de-tarifas-electricas\/","title":{"rendered":"SOLICITUD DE DIPUTADA AMAR FUE ACOGIDA POR EL EJECUTIVO Y SE INCLUY\u00d3 A MAGALLANES EN PROYECTO DE LEY QUE BUSCAR\u00c1 CONGELAMIENTO DE TARIFAS EL\u00c9CTRICAS"},"content":{"rendered":"\n<p>En una sesi\u00f3n especial, la C\u00e1mara de Diputados aprob\u00f3 la Ley Corta que busca una rebaja en la rentabilidad de las empresas de distribuci\u00f3n y perfecciona el proceso tarifario de distribuci\u00f3n el\u00e9ctrica.<\/p>\n\n\n\n<p>Al respecto, la diputada Sandra Amar destac\u00f3 este resultado ya que a su juicio \u201cesta es la primera gran modificaci\u00f3n de los \u00faltimos 40 a\u00f1os en materia de distribuci\u00f3n que no solo disminuir\u00e1 la rentabilidad de ciertas empresas, sino que adem\u00e1s beneficiar\u00e1 en forma concreta a la ciudadan\u00eda\u201d.<\/p>\n\n\n\n<p>En este contexto, uno de los puntos aprobados, dice relaci\u00f3n con la confirmaci\u00f3n de la inclusi\u00f3n de Ays\u00e9n y Magallanes en la congelaci\u00f3n tarifaria que est\u00e1 en efecto desde octubre pasado.<\/p>\n\n\n\n<p>En esa l\u00ednea, cabe recordar que lo anterior fue solicitado hace algunas semanas por la diputada Sandra Amar, y los diputados de Ays\u00e9n, Aracely Leuqu\u00e9n y Ren\u00e9 Alinco ya que, en la propuesta original de la ley de estabilizaci\u00f3n tarifaria, no se hac\u00eda alusi\u00f3n espec\u00edfica a estas regiones.<\/p>\n\n\n\n<p>En su intervenci\u00f3n en Sala, la diputada Amar agradeci\u00f3 la voluntad del Ejecutivo de atender la solicitud de los parlamentarios de zonas extremas \u201crompiendo as\u00ed con la t\u00f3nica de medidas centralistas que obvian las condiciones de estas particulares zonas de Chile\u201d. A su vez destac\u00f3 que lo aprobado en el hemiciclo porque \u201cesta iniciativa supondr\u00e1 una mejora del procedimiento tarifario con mayor transparencia y con mayor precisi\u00f3n\u201d.<\/p>\n\n\n\n<p>Por su parte, el Subsecretario de Eneg\u00eda, Francisco L\u00f3pez asegur\u00f3 que esta ley es un gran avance, ya que despu\u00e9s de 40 a\u00f1os, por primera vez, se introducen correcciones muy necesarias a la consideraci\u00f3n de la rentabilidad de las empresas distribuidoras, transparencia del proceso de c\u00e1lculo de dichas tarifas y giro \u00fanico de las empresas distribuidoras.<\/p>\n\n\n\n<p>Se espera que producto de esta iniciativa que qued\u00f3 lista para convertirse en Ley, las empresas dejen de percibir cerca de 1.200 millones de d\u00f3lares en 4 a\u00f1os, lo que supondr\u00eda a su vez una rebaja directa en el pr\u00f3ximo proceso tarifario en las cuentas de las personas.\n\n<\/p>\n","protected":false},"excerpt":{"rendered":"<p>En una sesi\u00f3n especial, la C\u00e1mara de Diputados aprob\u00f3 la Ley Corta que busca una rebaja en la rentabilidad de las empresas de distribuci\u00f3n y perfecciona el proceso tarifario de&#8230; <a class=\"read-more\" href=\"https:\/\/www.radiopresidenteibanez.cl\/web\/solicitud-de-diputada-amar-fue-acogida-por-el-ejecutivo-y-se-incluyo-a-magallanes-en-proyecto-de-ley-que-buscara-congelamiento-de-tarifas-electricas\/\">Leer m\u00e1s<\/a><\/p>\n","protected":false},"author":2,"featured_media":3008,"comment_status":"closed","ping_status":"closed","sticky":false,"template":"","format":"standard","meta":{"footnotes":""},"categories":[5],"tags":[],"class_list":["post-8501","post","type-post","status-publish","format-standard","has-post-thumbnail","hentry","category-politica"],"_links":{"self":[{"href":"https:\/\/www.radiopresidenteibanez.cl\/web\/wp-json\/wp\/v2\/posts\/8501","targetHints":{"allow":["GET"]}}],"collection":[{"href":"https:\/\/www.radiopresidenteibanez.cl\/web\/wp-json\/wp\/v2\/posts"}],"about":[{"href":"https:\/\/www.radiopresidenteibanez.cl\/web\/wp-json\/wp\/v2\/types\/post"}],"author":[{"embeddable":true,"href":"https:\/\/www.radiopresidenteibanez.cl\/web\/wp-json\/wp\/v2\/users\/2"}],"replies":[{"embeddable":true,"href":"https:\/\/www.radiopresidenteibanez.cl\/web\/wp-json\/wp\/v2\/comments?post=8501"}],"version-history":[{"count":0,"href":"https:\/\/www.radiopresidenteibanez.cl\/web\/wp-json\/wp\/v2\/posts\/8501\/revisions"}],"wp:featuredmedia":[{"embeddable":true,"href":"https:\/\/www.radiopresidenteibanez.cl\/web\/wp-json\/wp\/v2\/media\/3008"}],"wp:attachment":[{"href":"https:\/\/www.radiopresidenteibanez.cl\/web\/wp-json\/wp\/v2\/media?parent=8501"}],"wp:term":[{"taxonomy":"category","embeddable":true,"href":"https:\/\/www.radiopresidenteibanez.cl\/web\/wp-json\/wp\/v2\/categories?post=8501"},{"taxonomy":"post_tag","embeddable":true,"href":"https:\/\/www.radiopresidenteibanez.cl\/web\/wp-json\/wp\/v2\/tags?post=8501"}],"curies":[{"name":"wp","href":"https:\/\/api.w.org\/{rel}","templated":true}]}}