{"id":8498,"date":"2019-12-11T14:02:56","date_gmt":"2019-12-11T14:02:56","guid":{"rendered":"https:\/\/www.radiopresidenteibanez.cl\/web\/?p=8498"},"modified":"2019-12-11T14:03:02","modified_gmt":"2019-12-11T14:03:02","slug":"dos-establecimientos-pace-fueron-reconocidos-como-liceos-bicentenario-de-excelencia","status":"publish","type":"post","link":"https:\/\/www.radiopresidenteibanez.cl\/web\/dos-establecimientos-pace-fueron-reconocidos-como-liceos-bicentenario-de-excelencia\/","title":{"rendered":"DOS ESTABLECIMIENTOS PACE FUERON RECONOCIDOS COMO \u201cLICEOS BICENTENARIO DE EXCELENCIA\u201d"},"content":{"rendered":"\n<p>Dos de los cuatros liceos de\nla regi\u00f3n de Magallanes que recibieron la calidad de \u201cLiceo Bicentenario de\nExcelencia\u201d son parte del Programa de Acompa\u00f1amiento y Acceso Efectivo a la\nEducaci\u00f3n Superior (PACE) hace 5 a\u00f1os, el Liceo Polit\u00e9cnico Luis Cruz Mart\u00ednez\nde Puerto Natales y el Liceo Donld Mc Intyre Griffths de Puerto Williams. <\/p>\n\n\n\n<p>Este importante reconocimiento\nqueda establecido, pero son monitoreados luego de 2 a\u00f1os de trabajo. En el caso\ndel Liceo Luis Cruz Mart\u00ednez, su proyecto incluye materiales y recursos de\ntecnolog\u00eda de \u00faltima generaci\u00f3n para los programas de todas las especialidades\ny un porcentaje de capacitaci\u00f3n para los profesores, de implementaci\u00f3n de\nplataformas para poder trabajar con los alumnos del liceo. <\/p>\n\n\n\n<p>Frente a esto, la Directora\ndel Liceo Polit\u00e9cnico Luis Cruz Mart\u00ednez de Puerto Natales, Cristina Susi\nsostuvo que \u201cpara nosotros ser un liceo bicentenario de excelencia significa un\nmayor compromiso con el trabajo que estamos realizando con nuestros alumnos de\nla comuna, mayores desaf\u00edos con ellos, mejorar a\u00fan m\u00e1s lo que estamos haciendo,\npor lo tanto es poder reforzar aquellas cosas en que los alumnos est\u00e9n d\u00e9biles.\nAdem\u00e1s de una gran alegr\u00eda para nuestra comunidad, porque &nbsp;recibir este reconocimiento despu\u00e9s de mucho\nesfuerzo, nos permite proyectarnos hacia la mejora y mantener esta calidad\u201d. <\/p>\n\n\n\n<p>Por otra parte se refiri\u00f3 al\nprograma diciendo que \u201cel PACE es nuestra satisfacci\u00f3n, es la puerta para que\nnuestros alumnos se proyecten a la educaci\u00f3n superior y por eso las altas\nexpectativas que nosotros fundamos en ellos y es una gran oportunidad para\nlograr sus sue\u00f1os. Estamos muy agradecidos, es un tremendo aporte, todo funcionando\nbien y las profesionales de orientaci\u00f3n vocacional trabajan muy bien con los\nalumnos y logran una proyecci\u00f3n\u201d.<\/p>\n\n\n\n<p>Nuestra Coordinadora Ejecutiva\nPACE UMAG, Dra. Carmen Paz Oval, se\u00f1al\u00f3 que \u201crecibir el sello de Liceo\nBicentenario es un reconocimiento por el trabajo que realizan los liceos con\nnuestros j\u00f3venes y por el compromiso con la formaci\u00f3n de estos. Desde esta\nCoordinaci\u00f3n les deseamos el mayor de los \u00e9xitos en este nuevo desaf\u00edo que\nemprenden ambas comunidades educativas, ya que estamos conscientes como\nprograma de las dificultades que deben superar d\u00eda a d\u00eda\u201d.&nbsp; <\/p>\n","protected":false},"excerpt":{"rendered":"<p>Dos de los cuatros liceos de la regi\u00f3n de Magallanes que recibieron la calidad de \u201cLiceo Bicentenario de Excelencia\u201d son parte del Programa de Acompa\u00f1amiento y Acceso Efectivo a la&#8230; <a class=\"read-more\" href=\"https:\/\/www.radiopresidenteibanez.cl\/web\/dos-establecimientos-pace-fueron-reconocidos-como-liceos-bicentenario-de-excelencia\/\">Leer m\u00e1s<\/a><\/p>\n","protected":false},"author":2,"featured_media":8499,"comment_status":"closed","ping_status":"closed","sticky":false,"template":"","format":"standard","meta":{"footnotes":""},"categories":[1],"tags":[],"class_list":["post-8498","post","type-post","status-publish","format-standard","has-post-thumbnail","hentry","category-cronica"],"_links":{"self":[{"href":"https:\/\/www.radiopresidenteibanez.cl\/web\/wp-json\/wp\/v2\/posts\/8498","targetHints":{"allow":["GET"]}}],"collection":[{"href":"https:\/\/www.radiopresidenteibanez.cl\/web\/wp-json\/wp\/v2\/posts"}],"about":[{"href":"https:\/\/www.radiopresidenteibanez.cl\/web\/wp-json\/wp\/v2\/types\/post"}],"author":[{"embeddable":true,"href":"https:\/\/www.radiopresidenteibanez.cl\/web\/wp-json\/wp\/v2\/users\/2"}],"replies":[{"embeddable":true,"href":"https:\/\/www.radiopresidenteibanez.cl\/web\/wp-json\/wp\/v2\/comments?post=8498"}],"version-history":[{"count":0,"href":"https:\/\/www.radiopresidenteibanez.cl\/web\/wp-json\/wp\/v2\/posts\/8498\/revisions"}],"wp:featuredmedia":[{"embeddable":true,"href":"https:\/\/www.radiopresidenteibanez.cl\/web\/wp-json\/wp\/v2\/media\/8499"}],"wp:attachment":[{"href":"https:\/\/www.radiopresidenteibanez.cl\/web\/wp-json\/wp\/v2\/media?parent=8498"}],"wp:term":[{"taxonomy":"category","embeddable":true,"href":"https:\/\/www.radiopresidenteibanez.cl\/web\/wp-json\/wp\/v2\/categories?post=8498"},{"taxonomy":"post_tag","embeddable":true,"href":"https:\/\/www.radiopresidenteibanez.cl\/web\/wp-json\/wp\/v2\/tags?post=8498"}],"curies":[{"name":"wp","href":"https:\/\/api.w.org\/{rel}","templated":true}]}}