{"id":8493,"date":"2019-12-10T19:35:25","date_gmt":"2019-12-10T19:35:25","guid":{"rendered":"https:\/\/www.radiopresidenteibanez.cl\/web\/?p=8493"},"modified":"2019-12-10T19:35:29","modified_gmt":"2019-12-10T19:35:29","slug":"presidente-de-la-amumag-invita-a-todos-los-vecinos-de-magallanes-a-participar-de-la-consulta-ciudadana-nacional","status":"publish","type":"post","link":"https:\/\/www.radiopresidenteibanez.cl\/web\/presidente-de-la-amumag-invita-a-todos-los-vecinos-de-magallanes-a-participar-de-la-consulta-ciudadana-nacional\/","title":{"rendered":"PRESIDENTE DE LA AMUMAG INVITA A TODOS LOS VECINOS DE MAGALLANES A PARTICIPAR DE LA CONSULTA CIUDADANA NACIONAL"},"content":{"rendered":"\n<p>El vicepresidente de la\nAsociaci\u00f3n Chilena de Municipalidades y presidente de la Asociaci\u00f3n Regional de\nMunicipalidades de Magallanes, Fernando Paredes Mansilla, di\u00f3 a conocer los\nt\u00e9rminos en que se realizar\u00e1 la consulta ciudadana nacional impulsada por la\nAsociaci\u00f3n Chilena de Municipalidades.<\/p>\n\n\n\n<p>La consulta se llevar\u00e1 a cabo\ndesde ma\u00f1ana hasta el domingo 15 de diciembre en las p\u00e1ginas de cada\nmunicipalidad. En el caso de Natales ser\u00e1 desde el viernes 13 de diciembre hasta\nel domingo 15 de diciembre&nbsp; de manera on\nline, en donde se dispondr\u00e1 de una plataforma especial mediante un aporte de la\nAChM. En tanto, en los municipios de Porvenir, Torres del Paine y Natales la\nconsulta ser\u00e1 mixta, manteniendo las encuestas en cada una de sus sitios web e\nincluyendo una consulta ciudadana de forma presencial.<\/p>\n\n\n\n<p>En la instancia, Fernando Paredes\nhizo una invitaci\u00f3n a cada uno de los habitantes de la regi\u00f3n a que participen\nen esta consulta ciudadana. \u201cLa regi\u00f3n en su conjunto y todas las comunas tienen\nque aprovechar estos espacios, por eso invito a toda la comunidad regional, a las\ncomunas rurales, a las comunas urbanas a que aprovechen estos espacios\u201d.\nAdem\u00e1s, Paredes hizo un llamado en el caso particular de Natales a que\nparticipen como vocales de mesa. \u201cHago un llamado a la gente voluntaria a\nquienes quieran participar en calidad de vocal, que es otra manera de\nparticipar, tambi\u00e9n lo pueden hacer en esta consulta inscribi\u00e9ndose en la\noficina de partes de la municipalidad\u201d, destacando que con esto se da m\u00e1s\ntransparencia a este acto democr\u00e1tico.<\/p>\n\n\n\n<p>Asimismo, se refiri\u00f3 a las\nventajas de realizar la consulta en l\u00ednea, \u201cGente con problemas de movilidad y\nproblemas de discapacidad, no es necesario que vaya a un local de votaci\u00f3n sino\nque lo va a hacer v\u00eda on line. Tambi\u00e9n, puede darse el caso que si yo soy\nhabitante de Punta Arenas y durante los pr\u00f3ximos d\u00edas voy a estar en Santiago,\nla gente no necesariamente tiene que estar en la regi\u00f3n, sino que tiene que\npertenecer al padr\u00f3n de la comuna donde hoy d\u00eda est\u00e1 inscrita en el Servel\u201d,\nacot\u00f3 el presidente de Amumag.<\/p>\n\n\n\n<p>La consulta consiste en tres\npapeletas: la primera pregunta sobre si quiere o no una nueva constituci\u00f3n, la\nsegunda sobre la prioridad de las demandas sociales y la tercera consiste en\ndos preguntas de influencia comunal.<\/p>\n\n\n\n<p>En el caso de Natales la votaci\u00f3n\nde forma presencial se realizar\u00e1 en el liceo \u201cGabriela Mistral\u201d el d\u00eda domingo\na partir de las 8 de la ma\u00f1ana hasta las 17 horas, y de forma on line a trav\u00e9s\nde la p\u00e1gina web institucional. Mientras que la Municipalidad de Porvenir solo\nrealizar\u00e1 su consulta de manera presencial en la escuela Bernardo O\u00b4Higgins\ndesde las 10 de la ma\u00f1ana hasta las 16 horas. En el caso de la comuna de Torres\ndel Payne realizar\u00e1n su consulta el mi\u00e9rcoles y jueves de esta semana en las\nlocalidades de Cerro Castillo, Cerro Guido, Villa Serrano y Monzino. <\/p>\n","protected":false},"excerpt":{"rendered":"<p>El vicepresidente de la Asociaci\u00f3n Chilena de Municipalidades y presidente de la Asociaci\u00f3n Regional de Municipalidades de Magallanes, Fernando Paredes Mansilla, di\u00f3 a conocer los t\u00e9rminos en que se realizar\u00e1&#8230; <a class=\"read-more\" href=\"https:\/\/www.radiopresidenteibanez.cl\/web\/presidente-de-la-amumag-invita-a-todos-los-vecinos-de-magallanes-a-participar-de-la-consulta-ciudadana-nacional\/\">Leer m\u00e1s<\/a><\/p>\n","protected":false},"author":2,"featured_media":8494,"comment_status":"closed","ping_status":"closed","sticky":false,"template":"","format":"standard","meta":{"footnotes":""},"categories":[1],"tags":[],"class_list":["post-8493","post","type-post","status-publish","format-standard","has-post-thumbnail","hentry","category-cronica"],"_links":{"self":[{"href":"https:\/\/www.radiopresidenteibanez.cl\/web\/wp-json\/wp\/v2\/posts\/8493","targetHints":{"allow":["GET"]}}],"collection":[{"href":"https:\/\/www.radiopresidenteibanez.cl\/web\/wp-json\/wp\/v2\/posts"}],"about":[{"href":"https:\/\/www.radiopresidenteibanez.cl\/web\/wp-json\/wp\/v2\/types\/post"}],"author":[{"embeddable":true,"href":"https:\/\/www.radiopresidenteibanez.cl\/web\/wp-json\/wp\/v2\/users\/2"}],"replies":[{"embeddable":true,"href":"https:\/\/www.radiopresidenteibanez.cl\/web\/wp-json\/wp\/v2\/comments?post=8493"}],"version-history":[{"count":0,"href":"https:\/\/www.radiopresidenteibanez.cl\/web\/wp-json\/wp\/v2\/posts\/8493\/revisions"}],"wp:featuredmedia":[{"embeddable":true,"href":"https:\/\/www.radiopresidenteibanez.cl\/web\/wp-json\/wp\/v2\/media\/8494"}],"wp:attachment":[{"href":"https:\/\/www.radiopresidenteibanez.cl\/web\/wp-json\/wp\/v2\/media?parent=8493"}],"wp:term":[{"taxonomy":"category","embeddable":true,"href":"https:\/\/www.radiopresidenteibanez.cl\/web\/wp-json\/wp\/v2\/categories?post=8493"},{"taxonomy":"post_tag","embeddable":true,"href":"https:\/\/www.radiopresidenteibanez.cl\/web\/wp-json\/wp\/v2\/tags?post=8493"}],"curies":[{"name":"wp","href":"https:\/\/api.w.org\/{rel}","templated":true}]}}