{"id":8474,"date":"2019-12-09T20:23:36","date_gmt":"2019-12-09T20:23:36","guid":{"rendered":"https:\/\/www.radiopresidenteibanez.cl\/web\/?p=8474"},"modified":"2019-12-09T20:23:40","modified_gmt":"2019-12-09T20:23:40","slug":"rechazamos-el-acuerdo-politico-emplazamos-a-las-autoridades-locales-y-proponemos-fortalecer-el-poder-popular","status":"publish","type":"post","link":"https:\/\/www.radiopresidenteibanez.cl\/web\/rechazamos-el-acuerdo-politico-emplazamos-a-las-autoridades-locales-y-proponemos-fortalecer-el-poder-popular\/","title":{"rendered":"RECHAZAMOS EL ACUERDO POL\u00cdTICO, EMPLAZAMOS A LAS AUTORIDADES LOCALES Y PROPONEMOS FORTALECER EL PODER POPULAR"},"content":{"rendered":"\n<p>Desde el inicio de la movilizaci\u00f3n nacional <strong>las personas que habitamos el territorio magall\u00e1nico nos hemos reunidos\nen m\u00faltiples espacios para reflexionar y dialogar respecto al estallido social<\/strong>,&nbsp; sus consecuencias y proyecciones. Uno de esos\nespacios es la <strong>Asamblea Popular\nAutoconvocada en Punta Arenas<\/strong> y que luego de cuatro encuentros declara a la\ncomunidad:<\/p>\n\n\n\n<p><strong>Su amplio y absoluto rechazo al\nmal denominado \u201cAcuerdo por la paz y la nueva Constituci\u00f3n\u201d <\/strong>dadas las caracter\u00edsticas de su\ntrasnochada y apresurada gestaci\u00f3n, donde la clase pol\u00edtica una vez m\u00e1s dej\u00f3\nafuera las voces del pueblo que hoy, tras 52 d\u00edas, sigue manifest\u00e1ndose en las\ncalles del pa\u00eds colocando en el centro del debate las m\u00faltiples demandas\nsociales. El acuerdo firmado por los partidos pol\u00edticos oficialistas y de\n\u201coposici\u00f3n\u201d <strong>no representa el sentir\npopular y presenta una salida enga\u00f1osa al conflicto<\/strong>, con una clara\nintenci\u00f3n de confundir y dividir a la ciudadan\u00eda movilizada. <\/p>\n\n\n\n<p>Este acuerdo amarra la aprobaci\u00f3n de un qu\u00f3rum de parlamentarios\ndeslegitimados socialmente y con un sistema de elecci\u00f3n de asamble\u00edstas basado\nen el mismo esquema de representaci\u00f3n partidaria por listas, obligando a la\nelecci\u00f3n de representantes de partidos pol\u00edticos, fiel al estilo de la mala\npol\u00edtica que hoy se aterra al ver como pierden sus eternizados privilegios.<\/p>\n\n\n\n<p>Decimos no al acuerdo entre cuatro paredes, porque <strong>esta propuesta no garantiza una\nparticipaci\u00f3n y democracia directa<\/strong>, tan s\u00f3lo esboza la idea de&nbsp; abolir la Constituci\u00f3n del Dictador Pinochet,\nintentando dar inicio a la redacci\u00f3n de una carta fundamental que puede\nterminar siendo otro amarre legislativo para perpetuar las actuales esferas del\npoder econ\u00f3mico, sin asegurar los derechos sociales fundamentales que han\nplanteado por d\u00e9cadas cientos de organizaciones y millones de personas en\nnuestro pa\u00eds.<\/p>\n\n\n\n<p>Como <strong>curso de acci\u00f3n<\/strong>,\nla Asamblea Popular Autoconvocada se propone como objetivo contribuir a la <strong>organizaci\u00f3n y al fortalecimiento del Poder\nPopular<\/strong>. Para esto, identificamos cinco ejes de acci\u00f3n que permitan un\ndespliegue territorial efectivo y un sistema circulatorio de informaci\u00f3n entre\ncabildos y asambleas del tipo <strong>\u201cCoordinadora\nTerritorial de Movilizaciones\u201d<\/strong>. Los cinco ejes propuestos son: i)\nOrganizaci\u00f3n y AutoGesti\u00f3n; ii) Arte y&nbsp;\nMedios; iii) Resguardo y Derechos Humanos; iv) Formaci\u00f3n Pol\u00edtica; y v)\nFiscalizaci\u00f3n y Observancia ciudadana. <\/p>\n\n\n\n<p>La Asamblea Popular Autoconvocada i<strong>nvita a sumarse a todas las organizaciones en una relaci\u00f3n de amplia\nhorizontalidad y entendimiento<\/strong> haciendo un llamado a los pueblos\noriginarios, pueblos migrantes, mesa del sector p\u00fablico, a las asociaciones de\nfuncionarios de institutos profesionales y universidades, al mundo sindical, a\nla coordinadora no+AFP, colegios profesionales, agrupaciones de salud,\nagrupaciones por la inclusividad, organizaciones feministas y socioambientales,\nfederaciones de estudiantes, clubes de adultos mayores, juntas vecinales,\nagrupaciones art\u00edsticas y culturales, clubes deportivos y sociales, y al amplio\nespectro de ong\u2019s y organizaciones populares en general. <\/p>\n\n\n\n<p>Sint\u00e1monos todos y todas llamadas a <strong>desarrollar un plan de acci\u00f3n que exprese la visi\u00f3n y propuesta del\nterritorio magall\u00e1nico<\/strong>, una geograf\u00eda lejana de las decisiones\ncentralistas, pero protagonista del cambio social que esperamos para nuestra\nsociedad y nuestra democracia. <\/p>\n\n\n\n<p>Finalmente emplazamos a las autoridades locales, en particular\nal Intendente Jos\u00e9 Fern\u00e1ndez D. y al Alcalde de Punta Arenas Claudio Radonich\nJ. que se pronuncien sin c\u00e1lculo pol\u00edtico y sin mezquindades <strong>generando las condiciones para que las\norganizaciones populares puedan reunirse en encuentros amplios en espacios\np\u00fablicos y abiertos<\/strong> como universidades, liceos, escuelas, gimnasios y toda\nla infraestructura p\u00fablica de la regi\u00f3n. <\/p>\n\n\n\n<p>Adhieren a este comunicado las siguientes organizaciones:<\/p>\n\n\n\n<ul class=\"wp-block-list\"><li>Comunidad\nKawesqar Grupos familiares n\u00f3mades del Mar<\/li><li>Comunidad\nAt&#8217;ap<\/li><li>Cooperativa\nKaudal<\/li><li>Cooperativa\ny Colectiva Rosas Silvestres<\/li><li>Modatima\nPunta Arenas<\/li><li>Movimiento\nInternacional de los Trabajadores (MIT)<\/li><li>ONG\nPlaneta Sur<\/li><\/ul>\n","protected":false},"excerpt":{"rendered":"<p>Desde el inicio de la movilizaci\u00f3n nacional las personas que habitamos el territorio magall\u00e1nico nos hemos reunidos en m\u00faltiples espacios para reflexionar y dialogar respecto al estallido social,&nbsp; sus consecuencias&#8230; <a class=\"read-more\" href=\"https:\/\/www.radiopresidenteibanez.cl\/web\/rechazamos-el-acuerdo-politico-emplazamos-a-las-autoridades-locales-y-proponemos-fortalecer-el-poder-popular\/\">Leer m\u00e1s<\/a><\/p>\n","protected":false},"author":2,"featured_media":8475,"comment_status":"closed","ping_status":"closed","sticky":false,"template":"","format":"standard","meta":{"footnotes":""},"categories":[1],"tags":[],"class_list":["post-8474","post","type-post","status-publish","format-standard","has-post-thumbnail","hentry","category-cronica"],"_links":{"self":[{"href":"https:\/\/www.radiopresidenteibanez.cl\/web\/wp-json\/wp\/v2\/posts\/8474","targetHints":{"allow":["GET"]}}],"collection":[{"href":"https:\/\/www.radiopresidenteibanez.cl\/web\/wp-json\/wp\/v2\/posts"}],"about":[{"href":"https:\/\/www.radiopresidenteibanez.cl\/web\/wp-json\/wp\/v2\/types\/post"}],"author":[{"embeddable":true,"href":"https:\/\/www.radiopresidenteibanez.cl\/web\/wp-json\/wp\/v2\/users\/2"}],"replies":[{"embeddable":true,"href":"https:\/\/www.radiopresidenteibanez.cl\/web\/wp-json\/wp\/v2\/comments?post=8474"}],"version-history":[{"count":0,"href":"https:\/\/www.radiopresidenteibanez.cl\/web\/wp-json\/wp\/v2\/posts\/8474\/revisions"}],"wp:featuredmedia":[{"embeddable":true,"href":"https:\/\/www.radiopresidenteibanez.cl\/web\/wp-json\/wp\/v2\/media\/8475"}],"wp:attachment":[{"href":"https:\/\/www.radiopresidenteibanez.cl\/web\/wp-json\/wp\/v2\/media?parent=8474"}],"wp:term":[{"taxonomy":"category","embeddable":true,"href":"https:\/\/www.radiopresidenteibanez.cl\/web\/wp-json\/wp\/v2\/categories?post=8474"},{"taxonomy":"post_tag","embeddable":true,"href":"https:\/\/www.radiopresidenteibanez.cl\/web\/wp-json\/wp\/v2\/tags?post=8474"}],"curies":[{"name":"wp","href":"https:\/\/api.w.org\/{rel}","templated":true}]}}