{"id":8471,"date":"2019-12-09T20:19:49","date_gmt":"2019-12-09T20:19:49","guid":{"rendered":"https:\/\/www.radiopresidenteibanez.cl\/web\/?p=8471"},"modified":"2019-12-09T20:19:53","modified_gmt":"2019-12-09T20:19:53","slug":"este-domingo-vuelve-el-automovilismo-a-radio-presidente-ibanez-en-conjunto-a-tuercaaustral","status":"publish","type":"post","link":"https:\/\/www.radiopresidenteibanez.cl\/web\/este-domingo-vuelve-el-automovilismo-a-radio-presidente-ibanez-en-conjunto-a-tuercaaustral\/","title":{"rendered":"ESTE DOMINGO VUELVE EL AUTOMOVILISMO A RADIO PRESIDENTE IB\u00c1\u00d1EZ EN CONJUNTO A TUERCAAUSTRAL"},"content":{"rendered":"\n<p>Desde los a\u00f1os 80\u00b4 en su primera\netapa que Radio Presidente Ib\u00e1\u00f1ez no llevaba hasta sus hogares y\/o lugares de\ntrabajo el automovilismo magall\u00e1nico, entre nuestros archivos pudimos encontrar\nun rally relatado por Juan Edmundo Perich quien ese entonces era una de las\ntantas voces ic\u00f3nicas de la emisora.<\/p>\n\n\n\n<p>Por lo anterior es que en esta\nsegunda etapa de la \u201cRadio Con Historia\u201d y luego de 12 a\u00f1os acompa\u00f1ando su d\u00eda,\nhemos buscado volver a revivir el rugido de motores y en esta oportunidad junto\nal equipo de Tuerca Austral. <\/p>\n\n\n\n<p>Este pr\u00f3ximo domingo 15 de diciembre se realizar\u00e1 la \u00faltima fecha del campeonato Cabo Negro \u201cCopa Ciudad de Punta Arenas\u201d, y el cual ser\u00e1 transmisi\u00f3n en imagen a trav\u00e9s de Facebook Live de Tuerca Austral y por el 88.5 FM de Radio Presidente Ib\u00e1\u00f1ez para Punta Arenas y Porvenir.<\/p>\n","protected":false},"excerpt":{"rendered":"<p>Desde los a\u00f1os 80\u00b4 en su primera etapa que Radio Presidente Ib\u00e1\u00f1ez no llevaba hasta sus hogares y\/o lugares de trabajo el automovilismo magall\u00e1nico, entre nuestros archivos pudimos encontrar un&#8230; <a class=\"read-more\" href=\"https:\/\/www.radiopresidenteibanez.cl\/web\/este-domingo-vuelve-el-automovilismo-a-radio-presidente-ibanez-en-conjunto-a-tuercaaustral\/\">Leer m\u00e1s<\/a><\/p>\n","protected":false},"author":2,"featured_media":8472,"comment_status":"closed","ping_status":"closed","sticky":false,"template":"","format":"standard","meta":{"footnotes":""},"categories":[3],"tags":[],"class_list":["post-8471","post","type-post","status-publish","format-standard","has-post-thumbnail","hentry","category-deportes"],"_links":{"self":[{"href":"https:\/\/www.radiopresidenteibanez.cl\/web\/wp-json\/wp\/v2\/posts\/8471","targetHints":{"allow":["GET"]}}],"collection":[{"href":"https:\/\/www.radiopresidenteibanez.cl\/web\/wp-json\/wp\/v2\/posts"}],"about":[{"href":"https:\/\/www.radiopresidenteibanez.cl\/web\/wp-json\/wp\/v2\/types\/post"}],"author":[{"embeddable":true,"href":"https:\/\/www.radiopresidenteibanez.cl\/web\/wp-json\/wp\/v2\/users\/2"}],"replies":[{"embeddable":true,"href":"https:\/\/www.radiopresidenteibanez.cl\/web\/wp-json\/wp\/v2\/comments?post=8471"}],"version-history":[{"count":0,"href":"https:\/\/www.radiopresidenteibanez.cl\/web\/wp-json\/wp\/v2\/posts\/8471\/revisions"}],"wp:featuredmedia":[{"embeddable":true,"href":"https:\/\/www.radiopresidenteibanez.cl\/web\/wp-json\/wp\/v2\/media\/8472"}],"wp:attachment":[{"href":"https:\/\/www.radiopresidenteibanez.cl\/web\/wp-json\/wp\/v2\/media?parent=8471"}],"wp:term":[{"taxonomy":"category","embeddable":true,"href":"https:\/\/www.radiopresidenteibanez.cl\/web\/wp-json\/wp\/v2\/categories?post=8471"},{"taxonomy":"post_tag","embeddable":true,"href":"https:\/\/www.radiopresidenteibanez.cl\/web\/wp-json\/wp\/v2\/tags?post=8471"}],"curies":[{"name":"wp","href":"https:\/\/api.w.org\/{rel}","templated":true}]}}