{"id":8459,"date":"2019-12-09T14:13:40","date_gmt":"2019-12-09T14:13:40","guid":{"rendered":"https:\/\/www.radiopresidenteibanez.cl\/web\/?p=8459"},"modified":"2019-12-09T14:13:45","modified_gmt":"2019-12-09T14:13:45","slug":"de-nuevo-es-la-economia-por-ernesto-sepulveda","status":"publish","type":"post","link":"https:\/\/www.radiopresidenteibanez.cl\/web\/de-nuevo-es-la-economia-por-ernesto-sepulveda\/","title":{"rendered":"DE NUEVO ES LA ECONOM\u00cdA por ERNESTO SEPULVEDA"},"content":{"rendered":"\n<p>A comienzos del mes de octubre de 2019, cuando nada hac\u00eda presagiar, lo que\nvendr\u00eda despu\u00e9s, el Banco Central informaba: \u201cPese al empeoramiento del\nescenario externo, la econom\u00eda tiene las condiciones para crecer a tasas superiores\nal promedio de a\u00f1os previos y retomar expansiones sobre 3% en los a\u00f1os\nvenideros.\u201d Y se\u00f1alaba como razones de este diagn\u00f3stico, que&nbsp;&nbsp;para la\neconom\u00eda mundial se proyecta una desaceleraci\u00f3n importante, pero no una\nrecesi\u00f3n. Tambi\u00e9n, que&nbsp;&nbsp;la inversi\u00f3n se manten\u00eda creciendo, y que se\nha reducido en los \u00faltimos a\u00f1os, la vulnerabilidad de la econom\u00eda a las\nfluctuaciones cambiarias.<\/p>\n\n\n\n<p>El presidente del Banco Central, Mario Marcel, destacaba la celeridad con\nque las autoridades, respond\u00edan a los cambios en el escenario econ\u00f3mico. Dando\ncomo ejemplo la reducci\u00f3n en 100 puntos base, de la tasa de pol\u00edtica monetaria.\nDejando a nuestra econom\u00eda con una tasa de 1,75%, una de las m\u00e1s bajas de\nnuestra historia.<\/p>\n\n\n\n<p>Con la perspectiva de tiempo, las palabras de Mario Marcel, del 5 de\noctubre de 2019, suenan extra\u00f1amente prof\u00e9ticas, \u00e9l dec\u00eda: \u201cEn esta etapa, los\npa\u00edses que act\u00faen con mayor coherencia y unidad de prop\u00f3sito tendr\u00e1n mayor\nposibilidad de prevalecer que aquellos que lo hagan de manera pasiva,\ndesordenada o contradictoria\u201d.<\/p>\n\n\n\n<p>Cuando el Banco Central, se dispon\u00eda a entregar el \u201cInforme de percepciones\nde negocios de noviembre de 2019, que ya estaba pr\u00e1cticamente terminado, se\nproduce al estallido social del 18 de octubre de 2019. El Banco reacciona, e\nincluye un primer levantamiento de informaci\u00f3n, con consultas a empresas de\ntodo el pa\u00eds, efectuadas la semana de 28 de octubre.<\/p>\n\n\n\n<p>Esta es la primera aproximaci\u00f3n a los efectos de las manifestaciones\nsociales en la econom\u00eda. Se constata una baja significativa de la actividad y\nlas ventas, ante la menor afluencia de p\u00fablico. Dificultad para que los\ntrabajadores puedan llegar a las instalaciones. Horarios de operaci\u00f3n\ninferiores a los habituales.<\/p>\n\n\n\n<p>Asimismo, se se\u00f1ala que los problemas en el transporte han afectado la disponibilidad\nde insumos y\/o dificultado la venta de productos. Respecto de los negocios o\nsucursales, que han sufrido da\u00f1os, estos han implicado p\u00e9rdidas superiores. Al\nmenos hasta fines de octubre, no hab\u00edan logrado recuperar la normalidad en el\nfuncionamiento de sus negocios.<\/p>\n\n\n\n<p>La gran mayor\u00eda de los consultados, cree que el desempe\u00f1o de los negocios\nse ver\u00e1 afectado negativamente. Menci\u00f3n especial para el turismo, donde se\nproduce un fuerte deterioro de las perspectivas futuras. Se informa una elevada\ncancelaci\u00f3n de reservas y eventos en la expectativa que los\nefectos&nbsp;&nbsp;podr\u00edan prolongarse hasta el 2020. Algunas empresas,\nespecialmente de menor tama\u00f1o relativo, anticipan dificultades para cumplir con\nsus pagos.<\/p>\n\n\n\n<p>Una visi\u00f3n m\u00e1s completa, de lo que le ha sucedido a nuestra econom\u00eda, nos\nla entreg\u00f3 el propio Mario Marcel, presidente del Banco Central, en la\npresentaci\u00f3n del informe de pol\u00edtica monetaria (IPOM) de diciembre de 2019. Se\ninforma que la actividad tendr\u00e1 una ca\u00edda anual de 2,5% la que se concentrar\u00e1\nen octubre y noviembre. El mes de diciembre deber\u00eda mostrar un desempe\u00f1o algo\nmejor, pero con una alta incertidumbre. Con esto, en 2019 el PIB total\nacumular\u00e1 un crecimiento en torno a 1%. Lo que es&nbsp;&nbsp;considerablemente\nbajo considerando&nbsp;&nbsp;lo previsto en septiembre (2,25%-2,75%).<\/p>\n\n\n\n<p>El Presidente del Banco Central agreg\u00f3 que \u201cel mal desempe\u00f1o en el \u00faltimo\ntrimestre de 2019 entrega un bajo nivel de partida para la econom\u00eda en\n2020&#8243;. De hecho, aunque se estima que trimestre a trimestre vuelva a\ncrecer, su tasa de variaci\u00f3n anual nuevamente ser\u00eda negativa en el primer\ntrimestre del pr\u00f3ximo a\u00f1o. Con ello, para el a\u00f1o en su conjunto, se preve que\nel PIB crezca entre 0,5% y 1,5%.<\/p>\n\n\n\n<p>Sin lugar a dudas, el dato m\u00e1s preocupante que arroja el IPOM de diciembre\nes respecto del empleo. El Banco Central se\u00f1ala que&nbsp;&nbsp;de acuerdo a\ndiversas fuentes de informaci\u00f3n,&nbsp;&nbsp;el mercado laboral ya estar\u00eda\ndeterior\u00e1ndose.&nbsp;&nbsp;Y considerando&nbsp;&nbsp;la relaci\u00f3n hist\u00f3rica\nentre la demanda de trabajo y la actividad, y de no producirse cambios\nsignificativos por el lado de la oferta, \u201cla tasa de desempleo podr\u00eda superar\nel 10% a inicios de 2020\u201d.<\/p>\n\n\n\n<p>Mario Marcel, presidente de una entidad aut\u00f3noma como es el Banco Centra,\nadvierte de os imprevisibles efectos para nuestra econom\u00eda, si el sistema\npol\u00edtico, no avanza en cerrar pronto los temas pendientes de la agenda social.<\/p>\n\n\n\n<p>Contra toda evidencia, a\u00fan hoy d\u00eda, cuando el deterioro econ\u00f3mico es\ninnegable, a\u00fan persisten peque\u00f1os sectores radicalizados. En el colmo del\nsinsentido, desechan los avances y acuerdos conseguidos con dificultad entre\nlas fuerzas pol\u00edticas. Se insiste en pedir a renuncia de presidente de la\nRep\u00fablica, c\u00f3mo si ese hecho, in\u00e9dito en la historia reciente, resolver\u00e1\nnuestros graves problemas de inequidad.<\/p>\n\n\n\n<p>Cierta&nbsp;&nbsp;izquierda nuevamente queda atrapada en su discurso de los\na\u00f1os sesenta. Algunos pol\u00edticos del ayer, alzan su voz, anunciando prontas\nrebeliones o alzamientos. La conquista del poder pol\u00edtico, desde la calle.\nOlvidan que hace menos de dos a\u00f1os, el candidato que iba a ser a continuidad de\ngobierno de centro izquierda, fue derrotado amplia y abrumadoramente. Y una de\nlas razones de la derrota, fue el&nbsp;&nbsp;desprecio hacia las medidas pro\ninversi\u00f3n y al&nbsp;&nbsp;crecimiento econ\u00f3mico, como base de todo progreso.<\/p>\n\n\n\n<p>Estamos capturados por una minor\u00eda vociferante, que denuesta a los\npol\u00edticos moderados, considera aberrante el di\u00e1logo, y rasga vestiduras ante\nlos pactos de gobernabilidad. Esa minor\u00eda extrema, est\u00e1 en ambos lados del\nespectro pol\u00edtico. Los mismos que aborrecen la idea de inversi\u00f3n privada y emprendimiento,\nson los que rasgan vestiduras en contra del orden p\u00fablico. Parad\u00f3jicamente, los\nreg\u00edmenes m\u00e1s cercanos a esa cierta izquierda cret\u00e1cica, son precisamente\nreg\u00edmenes tir\u00e1nicos, sostenidos por un estado policial.<\/p>\n\n\n\n<p>Una vez m\u00e1s, amigos y amigas, ser\u00e1n las grandes mayor\u00edas, de trabajadores y\ntrabajadoras, que anhelan el progreso social y vivir en paz, quienes\ndecidiremos los destinos de la patria. Lo hicimos en el plebiscito de 1988, y\nlo haremos en el de 2020.<\/p>\n\n\n\n<p>Soy Ernesto Sep\u00falveda, en Cr\u00f3nicas de la Patagonia<\/p>\n\n\n\n<p>Punta Arenas, 9 de diciembre de 2019.-<\/p>\n","protected":false},"excerpt":{"rendered":"<p>A comienzos del mes de octubre de 2019, cuando nada hac\u00eda presagiar, lo que vendr\u00eda despu\u00e9s, el Banco Central informaba: \u201cPese al empeoramiento del escenario externo, la econom\u00eda tiene las&#8230; <a class=\"read-more\" href=\"https:\/\/www.radiopresidenteibanez.cl\/web\/de-nuevo-es-la-economia-por-ernesto-sepulveda\/\">Leer m\u00e1s<\/a><\/p>\n","protected":false},"author":2,"featured_media":2310,"comment_status":"closed","ping_status":"closed","sticky":false,"template":"","format":"standard","meta":{"footnotes":""},"categories":[1],"tags":[],"class_list":["post-8459","post","type-post","status-publish","format-standard","has-post-thumbnail","hentry","category-cronica"],"_links":{"self":[{"href":"https:\/\/www.radiopresidenteibanez.cl\/web\/wp-json\/wp\/v2\/posts\/8459","targetHints":{"allow":["GET"]}}],"collection":[{"href":"https:\/\/www.radiopresidenteibanez.cl\/web\/wp-json\/wp\/v2\/posts"}],"about":[{"href":"https:\/\/www.radiopresidenteibanez.cl\/web\/wp-json\/wp\/v2\/types\/post"}],"author":[{"embeddable":true,"href":"https:\/\/www.radiopresidenteibanez.cl\/web\/wp-json\/wp\/v2\/users\/2"}],"replies":[{"embeddable":true,"href":"https:\/\/www.radiopresidenteibanez.cl\/web\/wp-json\/wp\/v2\/comments?post=8459"}],"version-history":[{"count":0,"href":"https:\/\/www.radiopresidenteibanez.cl\/web\/wp-json\/wp\/v2\/posts\/8459\/revisions"}],"wp:featuredmedia":[{"embeddable":true,"href":"https:\/\/www.radiopresidenteibanez.cl\/web\/wp-json\/wp\/v2\/media\/2310"}],"wp:attachment":[{"href":"https:\/\/www.radiopresidenteibanez.cl\/web\/wp-json\/wp\/v2\/media?parent=8459"}],"wp:term":[{"taxonomy":"category","embeddable":true,"href":"https:\/\/www.radiopresidenteibanez.cl\/web\/wp-json\/wp\/v2\/categories?post=8459"},{"taxonomy":"post_tag","embeddable":true,"href":"https:\/\/www.radiopresidenteibanez.cl\/web\/wp-json\/wp\/v2\/tags?post=8459"}],"curies":[{"name":"wp","href":"https:\/\/api.w.org\/{rel}","templated":true}]}}