{"id":8447,"date":"2019-12-06T19:31:40","date_gmt":"2019-12-06T19:31:40","guid":{"rendered":"https:\/\/www.radiopresidenteibanez.cl\/web\/?p=8447"},"modified":"2019-12-06T19:31:45","modified_gmt":"2019-12-06T19:31:45","slug":"seremi-de-gobierno-por-anuncios-sobre-recuperacion-economica-el-gobierno-ha-presentado-propuestas-para-avanzar-decididamente-hacia-un-pais-mas-justo-y-con-menos-abusos","status":"publish","type":"post","link":"https:\/\/www.radiopresidenteibanez.cl\/web\/seremi-de-gobierno-por-anuncios-sobre-recuperacion-economica-el-gobierno-ha-presentado-propuestas-para-avanzar-decididamente-hacia-un-pais-mas-justo-y-con-menos-abusos\/","title":{"rendered":"SEREMI DE GOBIERNO POR ANUNCIOS SOBRE RECUPERACI\u00d3N ECON\u00d3MICA \u201cEL GOBIERNO HA PRESENTADO PROPUESTAS PARA AVANZAR DECIDIDAMENTE HACIA UN PA\u00cdS M\u00c1S JUSTO Y CON MENOS ABUSOS\u201d"},"content":{"rendered":"\n<p>Proteger el empleo, que se ha\nvisto afectado producto de la crisis social que afecta al pa\u00eds, es una\nprioridad para el gobierno. De ah\u00ed que esta semana el ministerio de Hacienda\npresentara la Agenda de protecci\u00f3n del empleo, reactivaci\u00f3n econ\u00f3mica, reconstrucci\u00f3n\ny apoyo a las MiPymes.<\/p>\n\n\n\n<p>Lo anunciado se suma a la Agenda\nSocial en la que el gobierno ha logrado avanzar gracias a los acuerdos en el\nCongreso, medidas que implican un esfuerzo financiero muy importante que denotan\nun claro cambio de prioridades en la direcci\u00f3n correcta y la voluntad de dar\nsoluci\u00f3n a un conjunto de urgencias sociales. <\/p>\n\n\n\n<p>La seremi de Gobierno, Alejandra\nMu\u00f1oz, manifiesta que \u201cel gobierno ha presentado propuestas para avanzar\ndecididamente hacia un pa\u00eds m\u00e1s justo, solidario y con menos abusos, y lo ha\nhecho con responsabilidad\u201d.<\/p>\n\n\n\n<p>En total se trata de un gasto\nsuperior a los US$5.000 millones de d\u00f3lares entre 2020 y 2022, donde el\ngobierno recurre a sus ahorros y a su capacidad de endeudamiento, lo que es\nposible de hacer gracias a a\u00f1os de responsabilidad fiscal de todos los\ngobiernos.<\/p>\n\n\n\n<p>El total anunciado se distribuye\nen un mayor gasto p\u00fablico en 2020 por US$ 3.025 millones, medidas de apoyo a\nlas MiPymes por US$ 1.950 millones y otras iniciativas por US$ 525 millones.<\/p>\n\n\n\n<p>\u201cTodas estas medidas son\nmayoritariamente de car\u00e1cter transitorio enfocadas en el a\u00f1o 2020 y\nconcentradas en apoyar la creaci\u00f3n de empleos, de forma directa o indirecta v\u00eda\ninversi\u00f3n p\u00fablica, as\u00ed como el apoyo a las empresas de menor tama\u00f1o. Se estima\nque esta agenda generar\u00e1 100 mil nuevos empleos el pr\u00f3ximo a\u00f1o\u201d, se\u00f1al\u00f3 la\nvocera del Gobierno Regional.<\/p>\n\n\n\n<p>Finalmente, la seremi Mu\u00f1oz dijo\nque \u201cel nuevo y necesario foco en el empleo, la reactivaci\u00f3n y la\nreconstrucci\u00f3n no anulan la construcci\u00f3n de una agenda social exigente, pero\nresponsable para los pr\u00f3ximos a\u00f1os\u201d. <\/p>\n","protected":false},"excerpt":{"rendered":"<p>Proteger el empleo, que se ha visto afectado producto de la crisis social que afecta al pa\u00eds, es una prioridad para el gobierno. De ah\u00ed que esta semana el ministerio&#8230; <a class=\"read-more\" href=\"https:\/\/www.radiopresidenteibanez.cl\/web\/seremi-de-gobierno-por-anuncios-sobre-recuperacion-economica-el-gobierno-ha-presentado-propuestas-para-avanzar-decididamente-hacia-un-pais-mas-justo-y-con-menos-abusos\/\">Leer m\u00e1s<\/a><\/p>\n","protected":false},"author":2,"featured_media":8448,"comment_status":"closed","ping_status":"closed","sticky":false,"template":"","format":"standard","meta":{"footnotes":""},"categories":[1],"tags":[],"class_list":["post-8447","post","type-post","status-publish","format-standard","has-post-thumbnail","hentry","category-cronica"],"_links":{"self":[{"href":"https:\/\/www.radiopresidenteibanez.cl\/web\/wp-json\/wp\/v2\/posts\/8447","targetHints":{"allow":["GET"]}}],"collection":[{"href":"https:\/\/www.radiopresidenteibanez.cl\/web\/wp-json\/wp\/v2\/posts"}],"about":[{"href":"https:\/\/www.radiopresidenteibanez.cl\/web\/wp-json\/wp\/v2\/types\/post"}],"author":[{"embeddable":true,"href":"https:\/\/www.radiopresidenteibanez.cl\/web\/wp-json\/wp\/v2\/users\/2"}],"replies":[{"embeddable":true,"href":"https:\/\/www.radiopresidenteibanez.cl\/web\/wp-json\/wp\/v2\/comments?post=8447"}],"version-history":[{"count":0,"href":"https:\/\/www.radiopresidenteibanez.cl\/web\/wp-json\/wp\/v2\/posts\/8447\/revisions"}],"wp:featuredmedia":[{"embeddable":true,"href":"https:\/\/www.radiopresidenteibanez.cl\/web\/wp-json\/wp\/v2\/media\/8448"}],"wp:attachment":[{"href":"https:\/\/www.radiopresidenteibanez.cl\/web\/wp-json\/wp\/v2\/media?parent=8447"}],"wp:term":[{"taxonomy":"category","embeddable":true,"href":"https:\/\/www.radiopresidenteibanez.cl\/web\/wp-json\/wp\/v2\/categories?post=8447"},{"taxonomy":"post_tag","embeddable":true,"href":"https:\/\/www.radiopresidenteibanez.cl\/web\/wp-json\/wp\/v2\/tags?post=8447"}],"curies":[{"name":"wp","href":"https:\/\/api.w.org\/{rel}","templated":true}]}}