{"id":8443,"date":"2019-12-06T14:47:17","date_gmt":"2019-12-06T14:47:17","guid":{"rendered":"https:\/\/www.radiopresidenteibanez.cl\/web\/?p=8443"},"modified":"2019-12-06T14:47:19","modified_gmt":"2019-12-06T14:47:19","slug":"mas-de-3-mil-ninas-y-ninos-de-punta-arenas-tendran-sus-regalos-en-navidad-municipal","status":"publish","type":"post","link":"https:\/\/www.radiopresidenteibanez.cl\/web\/mas-de-3-mil-ninas-y-ninos-de-punta-arenas-tendran-sus-regalos-en-navidad-municipal\/","title":{"rendered":"M\u00c1S DE 3 MIL NI\u00d1AS Y NI\u00d1OS DE PUNTA ARENAS TENDR\u00c1N SUS REGALOS EN NAVIDAD MUNICIPAL"},"content":{"rendered":"\n<p>Este fin de semana se vivir\u00e1 la celebraci\u00f3n de la Navidad en\nPunta Arenas, actividad organizada por el Municipio local, a trav\u00e9s de la\nDirecci\u00f3n de Desarrollo Comunitario, instancia en la que 3.100 ni\u00f1as y ni\u00f1os de\nla comuna recibir\u00e1n sus regalos del Viejito Pascuero y podr\u00e1n participar de\nalgunos concursos. <\/p>\n\n\n\n<p>El evento se realizar\u00e1 el s\u00e1bado (7 de diciembre), entre las\n10 y 13 horas, en dependencias del Liceo Sara Braun (ingreso por calle\nO&#8217;Higgins), oportunidad en la que los m\u00e1s peque\u00f1os de la casa disfrutar\u00e1n de\nuna linda celebraci\u00f3n, previo a la navidad 2019.<\/p>\n\n\n\n<p>El fin de semana pasado fue el turno de ni\u00f1os y ni\u00f1as de R\u00edo\nSeco, donde 400 peque\u00f1os del sector fueron agasajados en la escuela Elba Ojeda\nG\u00f3mez.<\/p>\n\n\n\n<p>Cabe destacar que las inscripciones de los beneficiados se\nrealizaron a trav\u00e9s de las distintas Juntas Vecinales, quienes iniciaron el\nproceso en el tercer trimestre del a\u00f1o.<\/p>\n\n\n\n<p>Desde el Municipio se inform\u00f3 que aquellas personas que no\nalcancen a retirar su regalo el d\u00eda de la actividad, pueden hacerlo hasta el 13\nde diciembre. Para ello, deben acercarse a la Direcci\u00f3n de Desarrollo\nComunitario del Municipio, ubicada en Independencia 830, con su respectiva\ninvitaci\u00f3n, entre las 8:30 y 13 horas, o de 14:30 a 17 horas.<\/p>\n","protected":false},"excerpt":{"rendered":"<p>Este fin de semana se vivir\u00e1 la celebraci\u00f3n de la Navidad en Punta Arenas, actividad organizada por el Municipio local, a trav\u00e9s de la Direcci\u00f3n de Desarrollo Comunitario, instancia en&#8230; <a class=\"read-more\" href=\"https:\/\/www.radiopresidenteibanez.cl\/web\/mas-de-3-mil-ninas-y-ninos-de-punta-arenas-tendran-sus-regalos-en-navidad-municipal\/\">Leer m\u00e1s<\/a><\/p>\n","protected":false},"author":2,"featured_media":8444,"comment_status":"closed","ping_status":"closed","sticky":false,"template":"","format":"standard","meta":{"footnotes":""},"categories":[1],"tags":[],"class_list":["post-8443","post","type-post","status-publish","format-standard","has-post-thumbnail","hentry","category-cronica"],"_links":{"self":[{"href":"https:\/\/www.radiopresidenteibanez.cl\/web\/wp-json\/wp\/v2\/posts\/8443","targetHints":{"allow":["GET"]}}],"collection":[{"href":"https:\/\/www.radiopresidenteibanez.cl\/web\/wp-json\/wp\/v2\/posts"}],"about":[{"href":"https:\/\/www.radiopresidenteibanez.cl\/web\/wp-json\/wp\/v2\/types\/post"}],"author":[{"embeddable":true,"href":"https:\/\/www.radiopresidenteibanez.cl\/web\/wp-json\/wp\/v2\/users\/2"}],"replies":[{"embeddable":true,"href":"https:\/\/www.radiopresidenteibanez.cl\/web\/wp-json\/wp\/v2\/comments?post=8443"}],"version-history":[{"count":0,"href":"https:\/\/www.radiopresidenteibanez.cl\/web\/wp-json\/wp\/v2\/posts\/8443\/revisions"}],"wp:featuredmedia":[{"embeddable":true,"href":"https:\/\/www.radiopresidenteibanez.cl\/web\/wp-json\/wp\/v2\/media\/8444"}],"wp:attachment":[{"href":"https:\/\/www.radiopresidenteibanez.cl\/web\/wp-json\/wp\/v2\/media?parent=8443"}],"wp:term":[{"taxonomy":"category","embeddable":true,"href":"https:\/\/www.radiopresidenteibanez.cl\/web\/wp-json\/wp\/v2\/categories?post=8443"},{"taxonomy":"post_tag","embeddable":true,"href":"https:\/\/www.radiopresidenteibanez.cl\/web\/wp-json\/wp\/v2\/tags?post=8443"}],"curies":[{"name":"wp","href":"https:\/\/api.w.org\/{rel}","templated":true}]}}