{"id":844,"date":"2019-01-29T01:25:50","date_gmt":"2019-01-29T01:25:50","guid":{"rendered":"http:\/\/www.radiopresidenteibanez.cl\/web\/?p=844"},"modified":"2019-01-29T01:25:58","modified_gmt":"2019-01-29T01:25:58","slug":"alejandra-munoz-seremi-de-gobierno-lil-garces-seremi-de-hacienda-y-natalia-easton-seremi-de-economia-dieron-a-conocer-detalles-del-plan-de-modernizacion-tributaria-en-tiempo-libre","status":"publish","type":"post","link":"https:\/\/www.radiopresidenteibanez.cl\/web\/alejandra-munoz-seremi-de-gobierno-lil-garces-seremi-de-hacienda-y-natalia-easton-seremi-de-economia-dieron-a-conocer-detalles-del-plan-de-modernizacion-tributaria-en-tiempo-libre\/","title":{"rendered":"ALEJANDRA MU\u00d1OZ SEREMI DE GOBIERNO, LIL G\u00c1RCES SEREMI DE HACIENDA Y NATALIA EASTON SEREMI DE ECONOM\u00cdA, DIERON A CONOCER DETALLES DEL PLAN DE MODERNIZACI\u00d3N TRIBUTARIA EN \u201cTIEMPO LIBRE\u201d"},"content":{"rendered":"\n<figure class=\"wp-block-embed-facebook wp-block-embed is-type-video is-provider-facebook\"><div class=\"wp-block-embed__wrapper\">\nhttps:\/\/www.facebook.com\/287588041574\/videos\/233815207563513\/\n<\/div><\/figure>\n","protected":false},"excerpt":{"rendered":"","protected":false},"author":2,"featured_media":845,"comment_status":"closed","ping_status":"closed","sticky":false,"template":"","format":"standard","meta":{"footnotes":""},"categories":[1,36],"tags":[],"class_list":["post-844","post","type-post","status-publish","format-standard","has-post-thumbnail","hentry","category-cronica","category-videos"],"_links":{"self":[{"href":"https:\/\/www.radiopresidenteibanez.cl\/web\/wp-json\/wp\/v2\/posts\/844","targetHints":{"allow":["GET"]}}],"collection":[{"href":"https:\/\/www.radiopresidenteibanez.cl\/web\/wp-json\/wp\/v2\/posts"}],"about":[{"href":"https:\/\/www.radiopresidenteibanez.cl\/web\/wp-json\/wp\/v2\/types\/post"}],"author":[{"embeddable":true,"href":"https:\/\/www.radiopresidenteibanez.cl\/web\/wp-json\/wp\/v2\/users\/2"}],"replies":[{"embeddable":true,"href":"https:\/\/www.radiopresidenteibanez.cl\/web\/wp-json\/wp\/v2\/comments?post=844"}],"version-history":[{"count":0,"href":"https:\/\/www.radiopresidenteibanez.cl\/web\/wp-json\/wp\/v2\/posts\/844\/revisions"}],"wp:featuredmedia":[{"embeddable":true,"href":"https:\/\/www.radiopresidenteibanez.cl\/web\/wp-json\/wp\/v2\/media\/845"}],"wp:attachment":[{"href":"https:\/\/www.radiopresidenteibanez.cl\/web\/wp-json\/wp\/v2\/media?parent=844"}],"wp:term":[{"taxonomy":"category","embeddable":true,"href":"https:\/\/www.radiopresidenteibanez.cl\/web\/wp-json\/wp\/v2\/categories?post=844"},{"taxonomy":"post_tag","embeddable":true,"href":"https:\/\/www.radiopresidenteibanez.cl\/web\/wp-json\/wp\/v2\/tags?post=844"}],"curies":[{"name":"wp","href":"https:\/\/api.w.org\/{rel}","templated":true}]}}