{"id":8435,"date":"2019-12-06T03:41:22","date_gmt":"2019-12-06T03:41:22","guid":{"rendered":"https:\/\/www.radiopresidenteibanez.cl\/web\/?p=8435"},"modified":"2019-12-06T03:41:25","modified_gmt":"2019-12-06T03:41:25","slug":"gobierno-propone-rebaja-de-parlamentarios-para-buscar-ahorrar-mas-de-5-mil-millones-anuales-solo-en-dieta-parlamentaria","status":"publish","type":"post","link":"https:\/\/www.radiopresidenteibanez.cl\/web\/gobierno-propone-rebaja-de-parlamentarios-para-buscar-ahorrar-mas-de-5-mil-millones-anuales-solo-en-dieta-parlamentaria\/","title":{"rendered":"GOBIERNO PROPONE REBAJA DE PARLAMENTARIOS PARA BUSCAR AHORRAR M\u00c1S DE 5 MIL MILLONES ANUALES SOLO EN DIETA PARLAMENTARIA"},"content":{"rendered":"\n<p>A trav\u00e9s de la cuenta de Twitter de la Segpres durante la\ntarde de ayer, el ministro secretario general de la Presidencia, Felipe Ward,\nanunci\u00f3 que ingresar\u00e1n un proyecto que busca reducir la cantidad de\nparlamentarios que tiene el pa\u00eds, as\u00ed pasar\u00edamos de tener 155 a 120 diputados y\nde 43 a 40 senadores, con lo que buscan ahorrar 5.200 millones de pesos anuales\nen dietas parlamentarias.<\/p>\n\n\n\n<p>A lo anterior, lo que si se mantendr\u00eda es el sistema\nelectoral proporcional y las actuales 16 circunscripciones y 28 distritos,\naparte del ahorro esto tambi\u00e9n pondr\u00e1 fin a los parlamentarios electos con poca\nvotaci\u00f3n.<\/p>\n\n\n\n<p>En este sentido el diputado por Magallanes, Karim Bianchi Retamales, coment\u00f3 que \u201ceste anuncio ya estaba hecho, incluso desde antes del inicio del estallido social\u2026creo que cuando se cambia el sistema binominal se ve\u00eda con buenos ojos pero finalmente no cumpli\u00f3 las expectativas, vemos parlamentarios elegidos con 1%\u201d.<\/p>\n\n\n\n<p>Desde el Gobierno tambi\u00e9n manifestaron que se entregar\u00e1 al\nconsejo directivo del Servel la facultad de establecer el n\u00famero de esca\u00f1os por\ndistritos y por circunscripci\u00f3n, facultad que se adelanta para abril de 2020 y\nde forma que esto est\u00e9 completamente operativo para la pr\u00f3xima elecci\u00f3n\nparlamentaria.<\/p>\n","protected":false},"excerpt":{"rendered":"<p>A trav\u00e9s de la cuenta de Twitter de la Segpres durante la tarde de ayer, el ministro secretario general de la Presidencia, Felipe Ward, anunci\u00f3 que ingresar\u00e1n un proyecto que&#8230; <a class=\"read-more\" href=\"https:\/\/www.radiopresidenteibanez.cl\/web\/gobierno-propone-rebaja-de-parlamentarios-para-buscar-ahorrar-mas-de-5-mil-millones-anuales-solo-en-dieta-parlamentaria\/\">Leer m\u00e1s<\/a><\/p>\n","protected":false},"author":2,"featured_media":8436,"comment_status":"closed","ping_status":"closed","sticky":false,"template":"","format":"standard","meta":{"footnotes":""},"categories":[1],"tags":[],"class_list":["post-8435","post","type-post","status-publish","format-standard","has-post-thumbnail","hentry","category-cronica"],"_links":{"self":[{"href":"https:\/\/www.radiopresidenteibanez.cl\/web\/wp-json\/wp\/v2\/posts\/8435","targetHints":{"allow":["GET"]}}],"collection":[{"href":"https:\/\/www.radiopresidenteibanez.cl\/web\/wp-json\/wp\/v2\/posts"}],"about":[{"href":"https:\/\/www.radiopresidenteibanez.cl\/web\/wp-json\/wp\/v2\/types\/post"}],"author":[{"embeddable":true,"href":"https:\/\/www.radiopresidenteibanez.cl\/web\/wp-json\/wp\/v2\/users\/2"}],"replies":[{"embeddable":true,"href":"https:\/\/www.radiopresidenteibanez.cl\/web\/wp-json\/wp\/v2\/comments?post=8435"}],"version-history":[{"count":0,"href":"https:\/\/www.radiopresidenteibanez.cl\/web\/wp-json\/wp\/v2\/posts\/8435\/revisions"}],"wp:featuredmedia":[{"embeddable":true,"href":"https:\/\/www.radiopresidenteibanez.cl\/web\/wp-json\/wp\/v2\/media\/8436"}],"wp:attachment":[{"href":"https:\/\/www.radiopresidenteibanez.cl\/web\/wp-json\/wp\/v2\/media?parent=8435"}],"wp:term":[{"taxonomy":"category","embeddable":true,"href":"https:\/\/www.radiopresidenteibanez.cl\/web\/wp-json\/wp\/v2\/categories?post=8435"},{"taxonomy":"post_tag","embeddable":true,"href":"https:\/\/www.radiopresidenteibanez.cl\/web\/wp-json\/wp\/v2\/tags?post=8435"}],"curies":[{"name":"wp","href":"https:\/\/api.w.org\/{rel}","templated":true}]}}