{"id":8417,"date":"2019-12-04T20:33:28","date_gmt":"2019-12-04T20:33:28","guid":{"rendered":"https:\/\/www.radiopresidenteibanez.cl\/web\/?p=8417"},"modified":"2019-12-04T20:33:31","modified_gmt":"2019-12-04T20:33:31","slug":"deportistas-magallanicos-aportan-medallas-para-chile-en-los-juegos-sudamericanos-escolares","status":"publish","type":"post","link":"https:\/\/www.radiopresidenteibanez.cl\/web\/deportistas-magallanicos-aportan-medallas-para-chile-en-los-juegos-sudamericanos-escolares\/","title":{"rendered":"DEPORTISTAS MAGALL\u00c1NICOS APORTAN MEDALLAS PARA CHILE EN LOS JUEGOS SUDAMERICANOS ESCOLARES"},"content":{"rendered":"\n<p>El judo y el tenis de mesa siguen\nentreg\u00e1ndole alegr\u00edas a la regi\u00f3n de Magallanes y ahora las buenas actuaciones\nde los deportistas magall\u00e1nicos permitieron que Chile sume medallas en el\nSudamericano Escolar, competencia se realiza desde el 2 diciembre en Asunci\u00f3n,\nParaguay. <\/p>\n\n\n\n<p>Luego de sus oros en los Juegos\nNacionales Escolares, los judocas Marco Cort\u00e9s y Francisco Chavez se ganaron el\ncupo para formar la selecci\u00f3n nacional que viaj\u00f3 a tierras paraguayas y\nrespondieron de gran forma. <\/p>\n\n\n\n<p>Los magall\u00e1nicos sumaron medallas\na nivel individual gracias a la plata obtenida por Cort\u00e9s en la categor\u00eda -58\nkilos y el bronce de Chavez en -44. Adem\u00e1s, ambos judocas integraron el equipo\nmasculino que se qued\u00f3 con el segundo lugar en los Juegos Sudamericanos\nEscolares, luego de caer en la final ante Brasil. <\/p>\n\n\n\n<p>En el tenis de mesa, en tanto,\nJoshtyn Miranda, quien sum\u00f3 oro en los Juegos Nacionales Escolares, volvi\u00f3 a\ndemostrar su buen nivel para, junto a Luis Marcano de la Regi\u00f3n Metropolitana,\nquedarse con la medalla de bronce en la competencia por equipos. Luego, este\nmi\u00e9rcoles, enfrent\u00f3 el dobles mixto junto a Fernanda Araneda y repiti\u00f3 el\ntercer lugar para sumar otra presea para Chile. <\/p>\n\n\n\n<p>Ahora, el dirigido por Cristian\nQuiroz, quien tambi\u00e9n se encuentra en Paraguay como t\u00e9cnico de la selecci\u00f3n de\ntenis de mesa, buscar\u00e1 seguir sus buenas actuaciones cuando, junto a Marcano,\njueguen el dobles masculino, para cerrar jueves y viernes con la competencia\nindividual.<\/p>\n\n\n\n<p>\u201cEl judo y el tenis de mesa han\ntenido grandes resultados durante todo el 2019 y eso demuestra el buen trabajo\nque se est\u00e1 haciendo con estas disciplinas en la regi\u00f3n de Magallanes, donde,\nprecisamente, son deportes priorizados por el Ministerio del Deporte y el\nInstituto Nacional de Deportes. Felicitamos a nuestros j\u00f3venes deportistas por\nsus grandes resultados, los que permiten ilusionarse con esta generaci\u00f3n de\njudocas y tenimesistas\u201d, se\u00f1al\u00f3 la Seremi del Deporte, Odette Callahan.&nbsp; <\/p>\n","protected":false},"excerpt":{"rendered":"<p>El judo y el tenis de mesa siguen entreg\u00e1ndole alegr\u00edas a la regi\u00f3n de Magallanes y ahora las buenas actuaciones de los deportistas magall\u00e1nicos permitieron que Chile sume medallas en&#8230; <a class=\"read-more\" href=\"https:\/\/www.radiopresidenteibanez.cl\/web\/deportistas-magallanicos-aportan-medallas-para-chile-en-los-juegos-sudamericanos-escolares\/\">Leer m\u00e1s<\/a><\/p>\n","protected":false},"author":2,"featured_media":8418,"comment_status":"closed","ping_status":"closed","sticky":false,"template":"","format":"standard","meta":{"footnotes":""},"categories":[1],"tags":[],"class_list":["post-8417","post","type-post","status-publish","format-standard","has-post-thumbnail","hentry","category-cronica"],"_links":{"self":[{"href":"https:\/\/www.radiopresidenteibanez.cl\/web\/wp-json\/wp\/v2\/posts\/8417","targetHints":{"allow":["GET"]}}],"collection":[{"href":"https:\/\/www.radiopresidenteibanez.cl\/web\/wp-json\/wp\/v2\/posts"}],"about":[{"href":"https:\/\/www.radiopresidenteibanez.cl\/web\/wp-json\/wp\/v2\/types\/post"}],"author":[{"embeddable":true,"href":"https:\/\/www.radiopresidenteibanez.cl\/web\/wp-json\/wp\/v2\/users\/2"}],"replies":[{"embeddable":true,"href":"https:\/\/www.radiopresidenteibanez.cl\/web\/wp-json\/wp\/v2\/comments?post=8417"}],"version-history":[{"count":0,"href":"https:\/\/www.radiopresidenteibanez.cl\/web\/wp-json\/wp\/v2\/posts\/8417\/revisions"}],"wp:featuredmedia":[{"embeddable":true,"href":"https:\/\/www.radiopresidenteibanez.cl\/web\/wp-json\/wp\/v2\/media\/8418"}],"wp:attachment":[{"href":"https:\/\/www.radiopresidenteibanez.cl\/web\/wp-json\/wp\/v2\/media?parent=8417"}],"wp:term":[{"taxonomy":"category","embeddable":true,"href":"https:\/\/www.radiopresidenteibanez.cl\/web\/wp-json\/wp\/v2\/categories?post=8417"},{"taxonomy":"post_tag","embeddable":true,"href":"https:\/\/www.radiopresidenteibanez.cl\/web\/wp-json\/wp\/v2\/tags?post=8417"}],"curies":[{"name":"wp","href":"https:\/\/api.w.org\/{rel}","templated":true}]}}