{"id":8398,"date":"2019-12-04T20:13:18","date_gmt":"2019-12-04T20:13:18","guid":{"rendered":"https:\/\/www.radiopresidenteibanez.cl\/web\/?p=8398"},"modified":"2019-12-04T20:13:21","modified_gmt":"2019-12-04T20:13:21","slug":"senadora-goic-solicito-mantener-bono-complementario-que-nivela-la-asignacion-de-zona-para-los-funcionarios-publicos","status":"publish","type":"post","link":"https:\/\/www.radiopresidenteibanez.cl\/web\/senadora-goic-solicito-mantener-bono-complementario-que-nivela-la-asignacion-de-zona-para-los-funcionarios-publicos\/","title":{"rendered":"SENADORA GOIC SOLICIT\u00d3 MANTENER BONO COMPLEMENTARIO QUE NIVELA LA ASIGNACI\u00d3N DE  ZONA PARA LOS FUNCIONARIOS P\u00daBLICOS"},"content":{"rendered":"\n<p>\u201cAnte la crisis que estamos viviendo es necesario que el\ngobierno tenga en cuenta la condici\u00f3n de zona aislada en que se desempe\u00f1an los\nfuncionarios p\u00fablicos de Magallanes. Durante a\u00f1os hemos peleado por un bono que\nnivele la situaci\u00f3n de zona y que reconozca el costo de vida y el significado\nde vivir en el extremo sur de nuestro territorio nacional\u201d.<\/p>\n\n\n\n<p>Estas fueron las palabras de la senadora magall\u00e1nica\nCarolina Goic al t\u00e9rmino de la reuni\u00f3n que sostuvo con el Subsecretario de\nDesarrollo Regional Claudio Alvarado, a quien le plante\u00f3 la urgente necesidad\nde mantener, ampliar la cobertura y revisar la l\u00ednea de corte de este bono\ncomplementario de zona para los funcionarios p\u00fablicos de Magallanes.<\/p>\n\n\n\n<p>\u201cLo he planteado que este bono complementario que asciende a\nlos 126 mil pesos, el cual se paga en dos cuotas, sea permanente y que se\nampli\u00e9 su cobertura mientras se realiza un estudio de costo de vida. Por lo\ntanto una vez m\u00e1s vengo a respaldar esta demanda leg\u00edtima de los funcionarios\nliderada por la mesa de sector p\u00fablico que han estado todo este tiempo\nlevantando la voz\u201d, agrego la senadora.<\/p>\n\n\n\n<p>Finalmente la senadora Carolina Goic manifest\u00f3 que espera\nque el gobierno tenga en cuenta el significado de vivir y trabajar en una zona\naislada como Magallanes.<\/p>\n","protected":false},"excerpt":{"rendered":"<p>\u201cAnte la crisis que estamos viviendo es necesario que el gobierno tenga en cuenta la condici\u00f3n de zona aislada en que se desempe\u00f1an los funcionarios p\u00fablicos de Magallanes. Durante a\u00f1os&#8230; <a class=\"read-more\" href=\"https:\/\/www.radiopresidenteibanez.cl\/web\/senadora-goic-solicito-mantener-bono-complementario-que-nivela-la-asignacion-de-zona-para-los-funcionarios-publicos\/\">Leer m\u00e1s<\/a><\/p>\n","protected":false},"author":2,"featured_media":8399,"comment_status":"closed","ping_status":"closed","sticky":false,"template":"","format":"standard","meta":{"footnotes":""},"categories":[1],"tags":[],"class_list":["post-8398","post","type-post","status-publish","format-standard","has-post-thumbnail","hentry","category-cronica"],"_links":{"self":[{"href":"https:\/\/www.radiopresidenteibanez.cl\/web\/wp-json\/wp\/v2\/posts\/8398","targetHints":{"allow":["GET"]}}],"collection":[{"href":"https:\/\/www.radiopresidenteibanez.cl\/web\/wp-json\/wp\/v2\/posts"}],"about":[{"href":"https:\/\/www.radiopresidenteibanez.cl\/web\/wp-json\/wp\/v2\/types\/post"}],"author":[{"embeddable":true,"href":"https:\/\/www.radiopresidenteibanez.cl\/web\/wp-json\/wp\/v2\/users\/2"}],"replies":[{"embeddable":true,"href":"https:\/\/www.radiopresidenteibanez.cl\/web\/wp-json\/wp\/v2\/comments?post=8398"}],"version-history":[{"count":0,"href":"https:\/\/www.radiopresidenteibanez.cl\/web\/wp-json\/wp\/v2\/posts\/8398\/revisions"}],"wp:featuredmedia":[{"embeddable":true,"href":"https:\/\/www.radiopresidenteibanez.cl\/web\/wp-json\/wp\/v2\/media\/8399"}],"wp:attachment":[{"href":"https:\/\/www.radiopresidenteibanez.cl\/web\/wp-json\/wp\/v2\/media?parent=8398"}],"wp:term":[{"taxonomy":"category","embeddable":true,"href":"https:\/\/www.radiopresidenteibanez.cl\/web\/wp-json\/wp\/v2\/categories?post=8398"},{"taxonomy":"post_tag","embeddable":true,"href":"https:\/\/www.radiopresidenteibanez.cl\/web\/wp-json\/wp\/v2\/tags?post=8398"}],"curies":[{"name":"wp","href":"https:\/\/api.w.org\/{rel}","templated":true}]}}