{"id":8386,"date":"2019-12-04T19:20:49","date_gmt":"2019-12-04T19:20:49","guid":{"rendered":"https:\/\/www.radiopresidenteibanez.cl\/web\/?p=8386"},"modified":"2019-12-04T19:20:52","modified_gmt":"2019-12-04T19:20:52","slug":"seremi-de-desarrollo-social-y-familia-liz-casanueva-destaca-plan-de-proteccion-del-empleo-y-recuperacion-economica","status":"publish","type":"post","link":"https:\/\/www.radiopresidenteibanez.cl\/web\/seremi-de-desarrollo-social-y-familia-liz-casanueva-destaca-plan-de-proteccion-del-empleo-y-recuperacion-economica\/","title":{"rendered":"SEREMI DE DESARROLLO SOCIAL Y FAMILIA, LIZ CASANUEVA DESTACA PLAN DE PROTECCI\u00d3N DEL EMPLEO Y RECUPERACI\u00d3N ECON\u00d3MICA"},"content":{"rendered":"\n<p>Recientemente el gobierno anunci\u00f3 una Agenda de Recuperaci\u00f3n\nEcon\u00f3mica y protecci\u00f3n del empleo que contempla la inversi\u00f3n de US$5.500\nmillones adicionales para la creaci\u00f3n de 100.000 empleos, con un foco en pymes\ny familias m\u00e1s vulnerables.<\/p>\n\n\n\n<p>El Plan de Protecci\u00f3n del Empleo y Recuperaci\u00f3n Econ\u00f3mica\nconsiste en una agenda que incorpora iniciativas directas que fortalecen los\nmecanismos de protecci\u00f3n disponibles para quienes pierden su trabajo; medidas\nque apuntan a reducir la probabilidad de perder el empleo y un aumento\nrelevante de la inversi\u00f3n p\u00fablica, la cual, junto con permitir la\nreconstrucci\u00f3n del pa\u00eds, apoyar\u00e1 la reactivaci\u00f3n econ\u00f3mica, con fuerte \u00e9nfasis\nen la creaci\u00f3n de puestos de trabajo.<\/p>\n\n\n\n<p>As\u00ed tambi\u00e9n se consideran el significativo da\u00f1o que han\nsufrido las empresas de menor tama\u00f1o, puesto que la agenda considera medidas en\ndirecto beneficio de ellas, tanto en materia de liquidez, incluyendo un\nmecanismo para acelerar los pagos del Estado, como diversas facilidades para el\nacceso al cr\u00e9dito y recursos.<\/p>\n\n\n\n<p>La Seremi de Desarrollo Social y Familia, Liz Casanueva,\ndestac\u00f3 estas medidas ya que&nbsp; \u201cla agenda\npermitir\u00e1 el Fortalecimiento del Seguro de Cesant\u00eda, devoluci\u00f3n anticipada del\nimpuesto a la renta y facilidades para el pago del IVA para las Micro, Peque\u00f1as\ny Medianas empresas y el apoyo al empleo, esto se suma a las iniciativas de la\nAgenda Social, entre las que se cuenta el proyecto de Ingreso M\u00ednimo\nGarantizado, el cual sigue su discusi\u00f3n en el Congreso\u201d.<\/p>\n\n\n\n<p>Cabe destacar que los focos de esta agenda son la protecci\u00f3n\ndel empleo, la reactivaci\u00f3n econ\u00f3mica, la reconstrucci\u00f3n y el apoyo a las\nMipymes.<\/p>\n","protected":false},"excerpt":{"rendered":"<p>Recientemente el gobierno anunci\u00f3 una Agenda de Recuperaci\u00f3n Econ\u00f3mica y protecci\u00f3n del empleo que contempla la inversi\u00f3n de US$5.500 millones adicionales para la creaci\u00f3n de 100.000 empleos, con un foco&#8230; <a class=\"read-more\" href=\"https:\/\/www.radiopresidenteibanez.cl\/web\/seremi-de-desarrollo-social-y-familia-liz-casanueva-destaca-plan-de-proteccion-del-empleo-y-recuperacion-economica\/\">Leer m\u00e1s<\/a><\/p>\n","protected":false},"author":2,"featured_media":740,"comment_status":"closed","ping_status":"closed","sticky":false,"template":"","format":"standard","meta":{"footnotes":""},"categories":[1],"tags":[],"class_list":["post-8386","post","type-post","status-publish","format-standard","has-post-thumbnail","hentry","category-cronica"],"_links":{"self":[{"href":"https:\/\/www.radiopresidenteibanez.cl\/web\/wp-json\/wp\/v2\/posts\/8386","targetHints":{"allow":["GET"]}}],"collection":[{"href":"https:\/\/www.radiopresidenteibanez.cl\/web\/wp-json\/wp\/v2\/posts"}],"about":[{"href":"https:\/\/www.radiopresidenteibanez.cl\/web\/wp-json\/wp\/v2\/types\/post"}],"author":[{"embeddable":true,"href":"https:\/\/www.radiopresidenteibanez.cl\/web\/wp-json\/wp\/v2\/users\/2"}],"replies":[{"embeddable":true,"href":"https:\/\/www.radiopresidenteibanez.cl\/web\/wp-json\/wp\/v2\/comments?post=8386"}],"version-history":[{"count":0,"href":"https:\/\/www.radiopresidenteibanez.cl\/web\/wp-json\/wp\/v2\/posts\/8386\/revisions"}],"wp:featuredmedia":[{"embeddable":true,"href":"https:\/\/www.radiopresidenteibanez.cl\/web\/wp-json\/wp\/v2\/media\/740"}],"wp:attachment":[{"href":"https:\/\/www.radiopresidenteibanez.cl\/web\/wp-json\/wp\/v2\/media?parent=8386"}],"wp:term":[{"taxonomy":"category","embeddable":true,"href":"https:\/\/www.radiopresidenteibanez.cl\/web\/wp-json\/wp\/v2\/categories?post=8386"},{"taxonomy":"post_tag","embeddable":true,"href":"https:\/\/www.radiopresidenteibanez.cl\/web\/wp-json\/wp\/v2\/tags?post=8386"}],"curies":[{"name":"wp","href":"https:\/\/api.w.org\/{rel}","templated":true}]}}