{"id":8384,"date":"2019-12-04T19:15:32","date_gmt":"2019-12-04T19:15:32","guid":{"rendered":"https:\/\/www.radiopresidenteibanez.cl\/web\/?p=8384"},"modified":"2019-12-04T19:15:36","modified_gmt":"2019-12-04T19:15:36","slug":"diputada-amar-valora-aprobacion-de-ley-que-penaliza-saqueos-barricadas-y-actos-que-alteran-la-paz-publica","status":"publish","type":"post","link":"https:\/\/www.radiopresidenteibanez.cl\/web\/diputada-amar-valora-aprobacion-de-ley-que-penaliza-saqueos-barricadas-y-actos-que-alteran-la-paz-publica\/","title":{"rendered":"DIPUTADA AMAR VALORA APROBACI\u00d3N DE LEY QUE PENALIZA SAQUEOS, BARRICADAS Y ACTOS QUE ALTERAN LA PAZ P\u00daBLICA"},"content":{"rendered":"\n<p>\n\nProyecto indica que el que vali\u00e9ndose de una manifestaci\u00f3n o reuni\u00f3n p\u00fablica tomare parte violenta y activamente en un hecho constitutivo de desorden p\u00fablico ser\u00e1 sancionado con reclusi\u00f3n menor en su grado medio a m\u00e1ximo, estableciendo qu\u00e9 se entender\u00e1 por desorden p\u00fablico.<\/p>\n\n\n\n<p>Como un paso en la direcci\u00f3n correcta, calific\u00f3 la diputada de la UDI, Sandra Amar, la aprobaci\u00f3n en Sala del proyecto de ley que tipifica como delito la alteraci\u00f3n de la paz p\u00fablica mediante la ejecuci\u00f3n de actos de violencia, como saqueos y barricadas, en situaciones excepcionales como lo son desastres naturales y desordenes que alteren la paz p\u00fablica en el pa\u00eds, agravando las penas aplicables.<\/p>\n\n\n\n<p>La legisladora explic\u00f3 que el estallido social desde hace un mes y medio en el pa\u00eds \u201cha dado ocasi\u00f3n a una serie de acontecimientos que han tenido por protagonista la violencia. La comisi\u00f3n de delitos ha sido habitual en este tiempo, lo que nos ha llevado a plantear seriamente medidas de dr\u00e1sticas para enfrentarlo, ya sea por v\u00eda de declaraci\u00f3n de estados de excepci\u00f3n constitucional, as\u00ed como la configuraci\u00f3n de nuevas hip\u00f3tesis penales y el aumento de penas para determinados delitos\u201d.<\/p>\n\n\n\n<p>\u201cEn este \u00faltimo caso, particular relevancia cobra la creaci\u00f3n de un tipo penal de saqueo, por las especiales caracter\u00edsticas que reviste este delito y que en la actualidad s\u00f3lo se considera como hurto en lugar no habitado, con una sanci\u00f3n sin efecto real alguno\u201d, agreg\u00f3 Amar.<\/p>\n\n\n\n<p>Por ello, la parlamentaria subray\u00f3 que esta legislaci\u00f3n \u201cbusca dar una herramienta m\u00e1s al Ministerio P\u00fablico, para que sancione estos actos delictivos que se dan en situaciones excepcionales, donde ciertos individuos o grupos se aprovechan de una situaci\u00f3n particular que vive el pa\u00eds para destruir, robar y provocar da\u00f1os tanto en grandes empresas como en peque\u00f1os locales comerciales\u201d.<\/p>\n\n\n\n<p>Finalmente, la diputada Amar indic\u00f3 que en la actualidad \u201chay una serie de hechos que quedan impunes por ser ciertos tipos penales de dif\u00edcil aplicaci\u00f3n. Sin embargo, este proyecto permitir\u00e1 perseguirlos, protegiendo efectivamente el bien jur\u00eddico del orden p\u00fablico y la paz social\u201d.<\/p>\n\n\n\n<p>Zona de los archivos adjuntos<br><\/p>\n","protected":false},"excerpt":{"rendered":"<p>Proyecto indica que el que vali\u00e9ndose de una manifestaci\u00f3n o reuni\u00f3n p\u00fablica tomare parte violenta y activamente en un hecho constitutivo de desorden p\u00fablico ser\u00e1 sancionado con reclusi\u00f3n menor en&#8230; <a class=\"read-more\" href=\"https:\/\/www.radiopresidenteibanez.cl\/web\/diputada-amar-valora-aprobacion-de-ley-que-penaliza-saqueos-barricadas-y-actos-que-alteran-la-paz-publica\/\">Leer m\u00e1s<\/a><\/p>\n","protected":false},"author":2,"featured_media":3008,"comment_status":"closed","ping_status":"closed","sticky":false,"template":"","format":"standard","meta":{"footnotes":""},"categories":[5],"tags":[],"class_list":["post-8384","post","type-post","status-publish","format-standard","has-post-thumbnail","hentry","category-politica"],"_links":{"self":[{"href":"https:\/\/www.radiopresidenteibanez.cl\/web\/wp-json\/wp\/v2\/posts\/8384","targetHints":{"allow":["GET"]}}],"collection":[{"href":"https:\/\/www.radiopresidenteibanez.cl\/web\/wp-json\/wp\/v2\/posts"}],"about":[{"href":"https:\/\/www.radiopresidenteibanez.cl\/web\/wp-json\/wp\/v2\/types\/post"}],"author":[{"embeddable":true,"href":"https:\/\/www.radiopresidenteibanez.cl\/web\/wp-json\/wp\/v2\/users\/2"}],"replies":[{"embeddable":true,"href":"https:\/\/www.radiopresidenteibanez.cl\/web\/wp-json\/wp\/v2\/comments?post=8384"}],"version-history":[{"count":0,"href":"https:\/\/www.radiopresidenteibanez.cl\/web\/wp-json\/wp\/v2\/posts\/8384\/revisions"}],"wp:featuredmedia":[{"embeddable":true,"href":"https:\/\/www.radiopresidenteibanez.cl\/web\/wp-json\/wp\/v2\/media\/3008"}],"wp:attachment":[{"href":"https:\/\/www.radiopresidenteibanez.cl\/web\/wp-json\/wp\/v2\/media?parent=8384"}],"wp:term":[{"taxonomy":"category","embeddable":true,"href":"https:\/\/www.radiopresidenteibanez.cl\/web\/wp-json\/wp\/v2\/categories?post=8384"},{"taxonomy":"post_tag","embeddable":true,"href":"https:\/\/www.radiopresidenteibanez.cl\/web\/wp-json\/wp\/v2\/tags?post=8384"}],"curies":[{"name":"wp","href":"https:\/\/api.w.org\/{rel}","templated":true}]}}