{"id":8381,"date":"2019-12-04T19:12:53","date_gmt":"2019-12-04T19:12:53","guid":{"rendered":"https:\/\/www.radiopresidenteibanez.cl\/web\/?p=8381"},"modified":"2019-12-04T19:12:57","modified_gmt":"2019-12-04T19:12:57","slug":"doce-barrios-del-pais-se-reunieron-en-punta-arenas-para-avanzar-en-el-cuidado-del-medio-ambiente","status":"publish","type":"post","link":"https:\/\/www.radiopresidenteibanez.cl\/web\/doce-barrios-del-pais-se-reunieron-en-punta-arenas-para-avanzar-en-el-cuidado-del-medio-ambiente\/","title":{"rendered":"DOCE BARRIOS DEL PA\u00cdS SE REUNIERON EN PUNTA ARENAS PARA AVANZAR EN EL CUIDADO DEL MEDIO AMBIENTE"},"content":{"rendered":"\n<p> Ahorro y eficiencia energ\u00e9tica, uso efectivo del agua, gesti\u00f3n de residuos y reciclaje en distintas escalas, fueron parte de las buenas experiencias que compartieron dirigentes vecinales de doce regiones del pa\u00eds en el marco de la IV Jornada Nacional de Buenas Pr\u00e1cticas Ambientales, organizado por el Programa Quiero Mi Barrio del Ministerio de Vivienda y Urbanismo.\u00a0<\/p>\n\n\n\n<p>El evento que se realiz\u00f3 en Punta Arenas, tuvo como objetivo concientizar a los m\u00e1s de 60 asistentes en el cuidado del medio ambiente dada la crisis actual que vive el planeta. A su vez, los dirigentes vecinales en conjunto con las autoridades: El seremi de Vivienda y Urbanismo, Jos\u00e9 Miguel Horcos y el secretario ejecutivo del Programa Quiero Mi Barrio, Nicol\u00e1s Orme\u00f1o, dialogaron acerca de la situaci\u00f3n social que hoy vive el pa\u00eds y escucharon los petitorios de c\u00f3mo les gustar\u00eda que avance la cartera de aqu\u00ed al futuro.\u00a0Mar\u00eda Soledad Mancilla de 53 a\u00f1os de la poblaci\u00f3n Seno Almirantazgo de Punta Arenas, indic\u00f3\u00a0 que esta es una ocasi\u00f3n muy buena para saber c\u00f3mo avanzan otras regiones en el cuidado del medio ambiente y saber tambi\u00e9n las problem\u00e1ticas que existen, ya que tiene claro que son diferentes en otros sectores. <\/p>\n\n\n\n<p>\u00abYo tambi\u00e9n trabajo con ni\u00f1os forjadores ambientales y uno viene a\u00a0 aprender; y lo que podamos sacar en positivo de otras regiones lo vamos tambi\u00e9n a implementar aqu\u00ed\u00bb, manifest\u00f3 la dirigenta vecinal.\u00a0M\u00e1s al norte, precisamente en el sector de Boca Sur de San Pedro de la Paz en la Regi\u00f3n del B\u00edob\u00edo, los vecinos han tenido un fuerte compromiso con el medio ambiente, han ingresado a programas y han avanzado en reciclaje y cuidado del entorno. Elvira Bravo Gonz\u00e1lez tiene 65 a\u00f1os y est\u00e1 representando a ese barrio en el cuentro. <\/p>\n\n\n\n<p>Para ella \u00abes una experiencia muy grata, hemos escuchado aqu\u00ed muchas t\u00e9cnicas para cuidar lo que tenemos y voy a transmitir a mis vecinos lo que se vivi\u00f3 en esta jornada\u00bb.El secretario ejecutivo del programa Quiero mi Barrio, Nicol\u00e1s Orme\u00f1o, expres\u00f3 que \u201cestamos en la Regi\u00f3n de Magallanes con vecinos y equipos del programa de todo Chile, para reflexionar sobre los problemas que se presentan en cada una de las comunidades y c\u00f3mo responder y generar acciones para enfrentar los efectos de la crisis clim\u00e1tica\u201d.\u00a0<\/p>\n\n\n\n<p>En la misma l\u00ednea, la autoridad del Minvu agreg\u00f3 que \u201cMagallanes ha sido pionera en la organizaci\u00f3n de estas jornadas para intercambiar conocimiento sobre buenas pr\u00e1cticas medioambientales en los barrios, y buscamos al t\u00e9rmino de este encuentro llegar a objetivos concretos que como vecinos y Minvu implementemos haci\u00e9ndonos cargo de esta realidad que nos afecta a todos y nos involucra a todos tambi\u00e9n en su soluci\u00f3n, y contribuir de esta forma, desde nuestros barrios, a ayudar a revertir los efectos del cambio clim\u00e1tico y mejorar la calidad de vida de nuestros vecinos\u201d.Finalmente, el seremi de Vivienda y Urbanismo, Jos\u00e9 Miguel Horcos, manifest\u00f3 sentirse \u00abfeliz por la asistencia de 12 regiones con sus dirigentes, donde hoy estamos trabajando para dar a conocer c\u00f3mo vamos a cambiar de aqu\u00ed en adelante,\u00a0 y qu\u00e9 es lo que tenemos que hacer para ir mejorando todos los barrios que estamos mejorando en todo Chile\u00bb. <\/p>\n","protected":false},"excerpt":{"rendered":"<p>Ahorro y eficiencia energ\u00e9tica, uso efectivo del agua, gesti\u00f3n de residuos y reciclaje en distintas escalas, fueron parte de las buenas experiencias que compartieron dirigentes vecinales de doce regiones del&#8230; <a class=\"read-more\" href=\"https:\/\/www.radiopresidenteibanez.cl\/web\/doce-barrios-del-pais-se-reunieron-en-punta-arenas-para-avanzar-en-el-cuidado-del-medio-ambiente\/\">Leer m\u00e1s<\/a><\/p>\n","protected":false},"author":2,"featured_media":8382,"comment_status":"closed","ping_status":"closed","sticky":false,"template":"","format":"standard","meta":{"footnotes":""},"categories":[1],"tags":[],"class_list":["post-8381","post","type-post","status-publish","format-standard","has-post-thumbnail","hentry","category-cronica"],"_links":{"self":[{"href":"https:\/\/www.radiopresidenteibanez.cl\/web\/wp-json\/wp\/v2\/posts\/8381","targetHints":{"allow":["GET"]}}],"collection":[{"href":"https:\/\/www.radiopresidenteibanez.cl\/web\/wp-json\/wp\/v2\/posts"}],"about":[{"href":"https:\/\/www.radiopresidenteibanez.cl\/web\/wp-json\/wp\/v2\/types\/post"}],"author":[{"embeddable":true,"href":"https:\/\/www.radiopresidenteibanez.cl\/web\/wp-json\/wp\/v2\/users\/2"}],"replies":[{"embeddable":true,"href":"https:\/\/www.radiopresidenteibanez.cl\/web\/wp-json\/wp\/v2\/comments?post=8381"}],"version-history":[{"count":0,"href":"https:\/\/www.radiopresidenteibanez.cl\/web\/wp-json\/wp\/v2\/posts\/8381\/revisions"}],"wp:featuredmedia":[{"embeddable":true,"href":"https:\/\/www.radiopresidenteibanez.cl\/web\/wp-json\/wp\/v2\/media\/8382"}],"wp:attachment":[{"href":"https:\/\/www.radiopresidenteibanez.cl\/web\/wp-json\/wp\/v2\/media?parent=8381"}],"wp:term":[{"taxonomy":"category","embeddable":true,"href":"https:\/\/www.radiopresidenteibanez.cl\/web\/wp-json\/wp\/v2\/categories?post=8381"},{"taxonomy":"post_tag","embeddable":true,"href":"https:\/\/www.radiopresidenteibanez.cl\/web\/wp-json\/wp\/v2\/tags?post=8381"}],"curies":[{"name":"wp","href":"https:\/\/api.w.org\/{rel}","templated":true}]}}