{"id":8378,"date":"2019-12-04T19:09:01","date_gmt":"2019-12-04T19:09:01","guid":{"rendered":"https:\/\/www.radiopresidenteibanez.cl\/web\/?p=8378"},"modified":"2019-12-04T19:09:04","modified_gmt":"2019-12-04T19:09:04","slug":"cop-25-tres-mujeres-latinoamericanas-impulsan-con-fuerza-la-accion-climatica","status":"publish","type":"post","link":"https:\/\/www.radiopresidenteibanez.cl\/web\/cop-25-tres-mujeres-latinoamericanas-impulsan-con-fuerza-la-accion-climatica\/","title":{"rendered":"COP 25: TRES MUJERES LATINOAMERICANAS IMPULSAN CON FUERZA LA ACCI\u00d3N CLIM\u00c1TICA"},"content":{"rendered":"\n<p>En Madrid, la Presidenta de COP25, Carolina\nSchmidt, junto a la Secretaria Ejecutiva de CMNUCC, Patricia\nEspinosa y la Vice Ministra de Relaciones Exteriores de Costa Rica,\nLorena Aguilar, dieron\nuna conferencia de prensa en la que destacaron que el cambio clim\u00e1tico\nes un desaf\u00edo com\u00fan, el que s\u00f3lo se puede enfrentar con trabajo conjunto,\nmultilateral y solidario de la regi\u00f3n que representan.<\/p>\n\n\n\n<p>\u201cQuiero agradecer a todas las\ndelegaciones de Am\u00e9rica Latina y el Caribe y en especial a Costa Rica por\nrecibir la Pre COP y a Chile por presidir la COP25. Ustedes han mostrado mucha\nflexibilidad y determinaci\u00f3n, lo que nos ha permitido tener esta COP25 de\nAm\u00e9rica Latina y el Caribe, en Madrid\u201d, dijo la Secretaria Ejecutiva de CMNUCC.<\/p>\n\n\n\n<p>Por su parte, Schmidt\nreforz\u00f3 el llamado\na los pa\u00edses a tener compromisos m\u00e1s ambiciosos. \u201cEsta COP de Am\u00e9rica Latina\ny el Caribe tiene un objetivo muy claro:\nactuar. El tiempo de actuar no es un eslogan, es una necesidad, una exigencia\nmoral, social y econ\u00f3mica, y los pa\u00edses\nde Am\u00e9rica Latina\ny el Caribe lo sabemos bien. Hay m\u00e1s de 50 millones de\nhabitantes en esta regi\u00f3n que est\u00e1n siendo golpeados por el impacto del\ncalentamiento global. Vinimos en representaci\u00f3n de esas voces, de mujeres, de\nni\u00f1os, de j\u00f3venes, de adultos, que en nuestra regi\u00f3n tienen necesidades y urgencias importantes en lo social,\nen lo ambiental y en lo econ\u00f3mico que son distintas a los pa\u00edses\ndesarrollados. El cambio\nclim\u00e1tico es injusto y afecta fuertemente a los m\u00e1s vulnerables\u201d, coment\u00f3.<\/p>\n\n\n\n<p>En tanto, Aguilar destac\u00f3 el\nliderazgo femenino durante esta Conferencia: \u201cEs como un sue\u00f1o hecho\nrealidad. Nos tom\u00f3\n25 a\u00f1os llegar\nhasta ac\u00e1 y estamos muy orgullosas de eso. Costa Rica fue el anfitri\u00f3n\nde la Pre COP, esta es la COP de<br><\/p>\n\n\n\n<p>Am\u00e9rica Latina y el Caribe.\nCada vez que una COP llega a una regi\u00f3n es para mostrar lo orgullosos que\nestamos, lo que hemos hecho.\nEsta es una crisis global\ny tenemos que enfrentarla. Esta es una COP que llama a la ambici\u00f3n, a la implementaci\u00f3n. Recordemos que nuestra\nregi\u00f3n es la m\u00e1s desigual\ndel mundo\u201d.<\/p>\n\n\n\n<p>El llamado a la acci\u00f3n clim\u00e1tica\nes claro: \u201cTenemos\nque traer a otros actores\na la mesa, como a los gobiernos locales, a las ciudades, a las\nregiones, al sector privado, para que se comprometan con la carbono\nneutralidad al a\u00f1o 2050 como lo ha hecho la ciencia. Esa transformaci\u00f3n, que sume la voz de todos los actores,\nes necesaria para poder aumentar\nla ambici\u00f3n y por eso estamos aqu\u00ed hoy para hacer un llamado al mundo para impulsar esta acci\u00f3n clim\u00e1tica y este cambio\nde rumbo que necesitamos\u201d, se\u00f1al\u00f3\nla Presidenta de COP25.<\/p>\n\n\n\n<p><strong>Sobre COP<\/strong><strong><\/strong><\/p>\n\n\n\n<p>Las Conferencia de las Partes\n(COP) van rotando entre las cinco regiones geogr\u00e1ficas de las Naciones Unidas y este\na\u00f1o le corresponde a Am\u00e9rica\nLatina y el Caribe.<\/p>\n\n\n\n<p>Chile preside la COP25 con la Ministra de Medio Ambiente de\nChile, Carolina Schmidt, a la cabeza. A su vez, la Pre COP fue acogida por\nCosta Rica en octubre, y la Secretaria Ejecutiva\nde la CMNUCC, Patricia Espinosa,\nes mexicana.<\/p>\n\n\n\n<p>Este a\u00f1o, la cita sobre cambio\nclim\u00e1tico m\u00e1s importante del mundo tiene\nsus ojos puestos en el continente latinoamericano y del Caribe.<\/p>\n","protected":false},"excerpt":{"rendered":"<p>En Madrid, la Presidenta de COP25, Carolina Schmidt, junto a la Secretaria Ejecutiva de CMNUCC, Patricia Espinosa y la Vice Ministra de Relaciones Exteriores de Costa Rica, Lorena Aguilar, dieron&#8230; <a class=\"read-more\" href=\"https:\/\/www.radiopresidenteibanez.cl\/web\/cop-25-tres-mujeres-latinoamericanas-impulsan-con-fuerza-la-accion-climatica\/\">Leer m\u00e1s<\/a><\/p>\n","protected":false},"author":2,"featured_media":8379,"comment_status":"closed","ping_status":"closed","sticky":false,"template":"","format":"standard","meta":{"footnotes":""},"categories":[1],"tags":[],"class_list":["post-8378","post","type-post","status-publish","format-standard","has-post-thumbnail","hentry","category-cronica"],"_links":{"self":[{"href":"https:\/\/www.radiopresidenteibanez.cl\/web\/wp-json\/wp\/v2\/posts\/8378","targetHints":{"allow":["GET"]}}],"collection":[{"href":"https:\/\/www.radiopresidenteibanez.cl\/web\/wp-json\/wp\/v2\/posts"}],"about":[{"href":"https:\/\/www.radiopresidenteibanez.cl\/web\/wp-json\/wp\/v2\/types\/post"}],"author":[{"embeddable":true,"href":"https:\/\/www.radiopresidenteibanez.cl\/web\/wp-json\/wp\/v2\/users\/2"}],"replies":[{"embeddable":true,"href":"https:\/\/www.radiopresidenteibanez.cl\/web\/wp-json\/wp\/v2\/comments?post=8378"}],"version-history":[{"count":0,"href":"https:\/\/www.radiopresidenteibanez.cl\/web\/wp-json\/wp\/v2\/posts\/8378\/revisions"}],"wp:featuredmedia":[{"embeddable":true,"href":"https:\/\/www.radiopresidenteibanez.cl\/web\/wp-json\/wp\/v2\/media\/8379"}],"wp:attachment":[{"href":"https:\/\/www.radiopresidenteibanez.cl\/web\/wp-json\/wp\/v2\/media?parent=8378"}],"wp:term":[{"taxonomy":"category","embeddable":true,"href":"https:\/\/www.radiopresidenteibanez.cl\/web\/wp-json\/wp\/v2\/categories?post=8378"},{"taxonomy":"post_tag","embeddable":true,"href":"https:\/\/www.radiopresidenteibanez.cl\/web\/wp-json\/wp\/v2\/tags?post=8378"}],"curies":[{"name":"wp","href":"https:\/\/api.w.org\/{rel}","templated":true}]}}