{"id":8365,"date":"2019-12-02T19:09:27","date_gmt":"2019-12-02T19:09:27","guid":{"rendered":"https:\/\/www.radiopresidenteibanez.cl\/web\/?p=8365"},"modified":"2019-12-02T19:09:31","modified_gmt":"2019-12-02T19:09:31","slug":"en-la-sala-zona-austral-de-zona-franca-se-realizo-feria-informativa-con-motivo-del-dia-internacional-de-la-eliminacion-de-la-violencia-contra-la-mujer","status":"publish","type":"post","link":"https:\/\/www.radiopresidenteibanez.cl\/web\/en-la-sala-zona-austral-de-zona-franca-se-realizo-feria-informativa-con-motivo-del-dia-internacional-de-la-eliminacion-de-la-violencia-contra-la-mujer\/","title":{"rendered":"EN LA SALA ZONA AUSTRAL DE ZONA FRANCA SE REALIZ\u00d3 FERIA INFORMATIVA CON MOTIVO DEL D\u00cdA INTERNACIONAL DE LA ELIMINACI\u00d3N DE LA VIOLENCIA CONTRA LA MUJER"},"content":{"rendered":"\n<p>Se realiz\u00f3 la actividad encabezada por la <strong>Secretar\u00eda Regional de la Mujer y la Equidad\nde G\u00e9nero<\/strong> y el <strong>Servicio Nacional de\nla Mujer y la Equidad de G\u00e9nero<\/strong>, Sernameg y que cont\u00f3 con la participaci\u00f3n\nde los servicios p\u00fablicos que integran el Circuito Intersectorial de Femicidio\n(CIF).<\/p>\n\n\n\n<p>En dicha Feria Informativa, encabezada por la Seremi (s) de\nla Mujer y la Equidad de G\u00e9nero Alejandra Mu\u00f1oz Quiroz se entreg\u00f3 a los\nusuarios informaci\u00f3n sobre prevenci\u00f3n y sobre los diversos programas con que\ncuentan los organismos estatales encargados de entregar apoyo a las mujeres que\nviven violencia de g\u00e9nero, en los casos de femicidios consumados y frustrados\nseg\u00fan corresponda. &nbsp;Esta respuesta\ncomprende un primer contacto inmediato, y entrega de atenci\u00f3n psicosocial,\nreparatoria y jur\u00eddica a las mujeres y a todas las personas que se vean\nafectadas por este delito, que pueden ser sus familias, amistades etc.<\/p>\n\n\n\n<p>El CIF es un espacio integrado por el Ministerio de la Mujer\ny la Equidad de G\u00e9nero, Servicio Nacional de la Mujer (Sernameg), Coordinaci\u00f3n Regional\nde Seguridad P\u00fablica, Polic\u00eda de Investigaciones (PDI), Carabineros de Chile, Servicio\nM\u00e9dico Legal (SML), Centro de Apoyo a V\u00edctimas de la Subsecretar\u00eda de\nPrevenci\u00f3n del Delito (CAVD) y el Servicio Nacional de Menores, Sename.&nbsp; Adem\u00e1s de estos servicios participaron la\nGobernaci\u00f3n Provincial de Magallanes y la Secretar\u00eda Regional Ministerial de\nGobierno.<\/p>\n\n\n\n<p>La Seremi de la Mujer y la Equidad de G\u00e9nero (s) Alejandra\nMu\u00f1oz Quiroz destac\u00f3 la importancia de actividades de este tipo pues <strong>\u201ccontribuyen<\/strong>\n<strong>con la prevenci\u00f3n de la violencia de g\u00e9nero, haciendo que las posibles\nv\u00edctimas, sus familias y la comunidad en general sepan que existen las\ninstancias para prevenir y trabajar en la eliminaci\u00f3n de la violencia contra\nlas mujeres\u201d.<\/strong> &nbsp;&nbsp;Agreg\u00f3 que es prioritario\nque a las mujeres se les respeten sus derechos fundamentales, subrayando que\nuno de ellos es <strong>\u201cVivir una vida libre de\nviolencia\u201d.<\/strong><\/p>\n\n\n\n<p>La&nbsp;<a href=\"http:\/\/www.un.org\/ga\/search\/view_doc.asp?symbol=A\/RES\/48\/104&amp;Lang=S\">Declaraci\u00f3n sobre la eliminaci\u00f3n de la violencia contra la\nmujer<\/a>&nbsp;emitida\npor la Asamblea General de la ONU en 1993, define la violencia contra la mujer\ncomo \u201ctodo acto de violencia que tenga o pueda tener como resultado un da\u00f1o o\nsufrimiento f\u00edsico, sexual o sicol\u00f3gico para la mujer, as\u00ed como las amenazas de\ntales actos, la coacci\u00f3n o la privaci\u00f3n arbitraria de la libertad, tanto si se\nproducen en la vida p\u00fablica como en la vida privada\u201d.<\/p>\n\n\n\n<p>En general, la violencia se manifiesta de forma f\u00edsica,\nsexual y psicol\u00f3gica y puede incluir:<\/p>\n\n\n\n<ul class=\"wp-block-list\"><li>violencia\n     por un compa\u00f1ero sentimental (violencia f\u00edsica, maltrato psicol\u00f3gico,\n     violaci\u00f3n conyugal, femicidio);<\/li><li>violencia\n     sexual y acoso (violaci\u00f3n, actos sexuales forzados, insinuaciones sexuales\n     no deseadas, abuso sexual infantil, matrimonio forzado, acecho, acoso\n     callejero, acoso cibern\u00e9tico);<\/li><li>trata\n     de seres humanos (esclavitud, explotaci\u00f3n sexual)<\/li><\/ul>\n\n\n\n<p>En la regi\u00f3n se\ncuenta con <strong>Centros de la Mujer <\/strong>en Punta Arenas, Natales y Porvenir, a\nlos cuales se puede acudir por vivir violencia en la relaci\u00f3n de pareja, como\ntambi\u00e9n en caso de ser v\u00edctima de violencia en el contexto de manifestaciones.<\/p>\n\n\n\n<p>En caso de violencia\ngrave y\/o de riesgo vital, existen <strong>Casas de Acogida<\/strong>, en Natales y Punta\nArenas.<\/p>\n\n\n\n<p>Y en caso de requerir\norientaci\u00f3n est\u00e1 el <strong>FONO 1455<\/strong>, que funciona en forma gratuita las 24\nhoras del d\u00eda.<\/p>\n","protected":false},"excerpt":{"rendered":"<p>Se realiz\u00f3 la actividad encabezada por la Secretar\u00eda Regional de la Mujer y la Equidad de G\u00e9nero y el Servicio Nacional de la Mujer y la Equidad de G\u00e9nero, Sernameg&#8230; <a class=\"read-more\" href=\"https:\/\/www.radiopresidenteibanez.cl\/web\/en-la-sala-zona-austral-de-zona-franca-se-realizo-feria-informativa-con-motivo-del-dia-internacional-de-la-eliminacion-de-la-violencia-contra-la-mujer\/\">Leer m\u00e1s<\/a><\/p>\n","protected":false},"author":2,"featured_media":8366,"comment_status":"closed","ping_status":"closed","sticky":false,"template":"","format":"standard","meta":{"footnotes":""},"categories":[1],"tags":[],"class_list":["post-8365","post","type-post","status-publish","format-standard","has-post-thumbnail","hentry","category-cronica"],"_links":{"self":[{"href":"https:\/\/www.radiopresidenteibanez.cl\/web\/wp-json\/wp\/v2\/posts\/8365","targetHints":{"allow":["GET"]}}],"collection":[{"href":"https:\/\/www.radiopresidenteibanez.cl\/web\/wp-json\/wp\/v2\/posts"}],"about":[{"href":"https:\/\/www.radiopresidenteibanez.cl\/web\/wp-json\/wp\/v2\/types\/post"}],"author":[{"embeddable":true,"href":"https:\/\/www.radiopresidenteibanez.cl\/web\/wp-json\/wp\/v2\/users\/2"}],"replies":[{"embeddable":true,"href":"https:\/\/www.radiopresidenteibanez.cl\/web\/wp-json\/wp\/v2\/comments?post=8365"}],"version-history":[{"count":0,"href":"https:\/\/www.radiopresidenteibanez.cl\/web\/wp-json\/wp\/v2\/posts\/8365\/revisions"}],"wp:featuredmedia":[{"embeddable":true,"href":"https:\/\/www.radiopresidenteibanez.cl\/web\/wp-json\/wp\/v2\/media\/8366"}],"wp:attachment":[{"href":"https:\/\/www.radiopresidenteibanez.cl\/web\/wp-json\/wp\/v2\/media?parent=8365"}],"wp:term":[{"taxonomy":"category","embeddable":true,"href":"https:\/\/www.radiopresidenteibanez.cl\/web\/wp-json\/wp\/v2\/categories?post=8365"},{"taxonomy":"post_tag","embeddable":true,"href":"https:\/\/www.radiopresidenteibanez.cl\/web\/wp-json\/wp\/v2\/tags?post=8365"}],"curies":[{"name":"wp","href":"https:\/\/api.w.org\/{rel}","templated":true}]}}