{"id":8359,"date":"2019-12-02T14:59:43","date_gmt":"2019-12-02T14:59:43","guid":{"rendered":"https:\/\/www.radiopresidenteibanez.cl\/web\/?p=8359"},"modified":"2019-12-02T14:59:47","modified_gmt":"2019-12-02T14:59:47","slug":"no-resuelve-nada-alejandra-sepulveda-critica-ley-corta-del-gobierno-para-aumentar-pensiones","status":"publish","type":"post","link":"https:\/\/www.radiopresidenteibanez.cl\/web\/no-resuelve-nada-alejandra-sepulveda-critica-ley-corta-del-gobierno-para-aumentar-pensiones\/","title":{"rendered":"\u201cNO RESUELVE NADA\u201d: ALEJANDRA SEP\u00daLVEDA CRITICA LEY CORTA DEL GOBIERNO PARA AUMENTAR PENSIONES"},"content":{"rendered":"\n<p>La&nbsp;<strong>Comisi\u00f3n de Trabajo y Seguridad Social de la C\u00e1mara de Diputados<\/strong>&nbsp;tiene programada para este lunes una citaci\u00f3n que desde el Gobierno miran con especial atenci\u00f3n. La sesi\u00f3n tendr\u00e1 por objeto iniciar el estudio y votaci\u00f3n del proyecto de ley ingresado por el Ministerio del Trabajo \u201cque mejora y establece nuevos beneficios en el Sistema de Pensiones Solidarias\u201d.<\/p>\n\n\n\n<p>Es decir, la denominada Ley Corta que ingres\u00f3 el Gobierno el pasado mi\u00e9rcoles, que&nbsp;busca&nbsp;<strong>establecer un reajuste escalonado para la Pensi\u00f3n B\u00e1sica Solidaria (PBS) y el Pilar Solidario<\/strong>, y que permitir\u00eda incrementar, por tramos, las pensiones de 1,5 millones de personas que tendr\u00edan un alza del 50 por ciento de sus actuales jubilaciones para el 2022.<\/p>\n\n\n\n<p>Esto, luego de un<strong>&nbsp;acuerdo en el Congreso<\/strong>, generado a trav\u00e9s de una&nbsp;<strong>Comisi\u00f3n Mixta<\/strong>, que aprob\u00f3 que el aumento -que tendr\u00e1 un costo fiscal de 80 millones de d\u00f3lares- comience a regir desde este 24 de diciembre.&nbsp;No obstante, desde en la Comisi\u00f3n de Trabajo, en donde votar\u00e1n el proyecto este lunes, hay quienes no ven con buenos ojos la manera en que el Gobierno ha abarcado la realidad del actual sistema de pensiones.<\/p>\n\n\n\n<p>Es el caso de la diputada de la Federaci\u00f3n Regionalista Verde Social,\u00a0<strong>Alejandra Sep\u00falveda<\/strong>, quien, en entrevista con Diario y Radio Universidad de Chile, critic\u00f3 la respuesta del Ejecutivo ante una de las principales demandas del estallido social.<\/p>\n\n\n\n<p>En esa l\u00ednea, la parlamentaria sostuvo que la primera medida que se anunci\u00f3, de un aumento del 20 por ciento, era insuficiente, y que as\u00ed tambi\u00e9n lo es la \u00faltima propuesta.&nbsp;\u201c<strong>Eso estaba pr\u00e1cticamente listo antes de la crisis<\/strong>, la posibilidad de aumentar el 20 por ciento\u201d, asegur\u00f3 la parlamentaria.<\/p>\n\n\n\n<p>\u201cComo ocurre la crisis, nosotros planteamos que hoy d\u00eda el Gobierno tiene que hacer u<strong>n esfuerzo de subir en un 50 por ciento las pensiones de todos los que tienen el Pilar Solidario, sin ning\u00fan tramo<\/strong>\u201c, a\u00f1adi\u00f3.<\/p>\n\n\n\n<p>Esto, porque el proyecto del Gobierno busca que los pensionados beneficiarios del Pilar Solidario, reciban un alza de la Pensi\u00f3n B\u00e1sica Solidaria y Aporte Previsional Solidario de 50 por ciento en el caso de los\u00a0<strong>mayores de 80 a\u00f1os<\/strong>; de 30 por ciento para los pensionados con edad\u00a0<strong>entre 75 y 79 a\u00f1os<\/strong>; y de 25 por ciento para los\u00a0<strong>menores de 75 a\u00f1os<\/strong>\u00a0de edad, seg\u00fan inform\u00f3 el Ministerio del Trabajo.<\/p>\n\n\n\n<p>Pero para la diputada de la Federaci\u00f3n Regionalista Verde Social este no es el \u00fanico problema. Para ella, tambi\u00e9n lo es el sistema en s\u00ed, y en ese sentido acus\u00f3 al Ejecutivo de no plantear alternativas al modelo actual.<\/p>\n\n\n\n<p>\u201cEl Gobierno en este tema espec\u00edfico de las pensiones&nbsp;<strong>no ha hecho ninguna propuesta diferente a lo que hemos tenido durante m\u00e1s de 40 a\u00f1os<\/strong>\u201c, indic\u00f3 Sep\u00falveda.<\/p>\n\n\n\n<p>\u201cYo espero que el Gobierno entienda que\u00a0<strong>para tener pensiones necesitamos quiz\u00e1s un sistema mixto en una primera etapa, con AFP y un sistema de reparto, pero hoy d\u00eda no puede solventarse todo el sistema en capitalizaciones individuales<\/strong>\u00a0y lo que puede entregar un subsidio del Estado que est\u00e1 subsidiando al mismo sistema de AFP\u201d, critic\u00f3 la parlamentaria.<\/p>\n\n\n\n<p>Sobre el proyecto en s\u00ed mismo, el que se votar\u00e1 este lunes en la Comisi\u00f3n de Trabajo y Seguridad Social que integra, Sep\u00falveda fue enf\u00e1tica en que es m\u00e1s de lo mismo. En esa l\u00ednea, la diputada asegur\u00f3 que&nbsp;<strong>la insistencia del Gobierno en el sistema de capitalizaci\u00f3n individual deja de manifiesto que no han logrado comprender las demandas<\/strong>&nbsp;del movimiento social.<\/p>\n\n\n\n<p>\u201c<strong>No resuelve nada, y si siguen insistiendo en eso es porque no se ha entendido lo que hoy d\u00eda est\u00e1 ocurriendo<\/strong>. Cuando la gente dice \u2018No m\u00e1s AFP\u2019, lo que est\u00e1 diciendo es no m\u00e1s de estas pensiones de miseria\u201d, afirm\u00f3 la diputada.<\/p>\n\n\n\n<p>\u201c<strong>Yo creo que con lo que est\u00e1 proponiendo el Gobierno est\u00e1 replicando estas pensiones de miseria con otro nombre, pero al final, raya para la suma, lo que le va a llegar a las personas, a los jubilados, es exactamente lo mismo<\/strong>\u201c, sentenci\u00f3.<\/p>\n\n\n\n<p>Pero en el Gobierno tienen confianza de que el acuerdo en la Comisi\u00f3n Mixta lograr\u00e1 destrabar la tramitaci\u00f3n de uno de los proyectos principales de su agenda social y que, para enero de 2022, el aumento del valor de la Pensi\u00f3n B\u00e1sica Solidaria alcanzar\u00e1 un 50 por ciento para todos los pensionados, es decir, que&nbsp;<strong>el valor de \u00e9sta supere por poco los 165 mil pesos para todos los pensionados<\/strong>.<\/p>\n\n\n\n<p>Tambi\u00e9n desde la cartera de Trabajo admiten que esto no es suficiente, y por esto, la ministra Mar\u00eda Jos\u00e9 Zald\u00edvar asegur\u00f3 que una vez que la C\u00e1mara Baja termine de tramitar la Ley Corta,\u00a0<strong>se retomar\u00e1 la discusi\u00f3n de la autodenominada \u201creforma\u201d al sistema previsional<\/strong>\u00a0que viene impulsando el Gobierno.<\/p>\n\n\n\n<p>Fuente: <a href=\"https:\/\/radio.uchile.cl\/2019\/12\/01\/no-resuelve-nada-diputada-sepulveda-frvs-critica-ley-corta-del-gobierno-para-aumentar-pensiones\/\">https:\/\/radio.uchile.cl\/2019\/12\/01\/no-resuelve-nada-diputada-sepulveda-frvs-critica-ley-corta-del-gobierno-para-aumentar-pensiones\/<\/a> <\/p>\n","protected":false},"excerpt":{"rendered":"<p>La&nbsp;Comisi\u00f3n de Trabajo y Seguridad Social de la C\u00e1mara de Diputados&nbsp;tiene programada para este lunes una citaci\u00f3n que desde el Gobierno miran con especial atenci\u00f3n. La sesi\u00f3n tendr\u00e1 por objeto&#8230; <a class=\"read-more\" href=\"https:\/\/www.radiopresidenteibanez.cl\/web\/no-resuelve-nada-alejandra-sepulveda-critica-ley-corta-del-gobierno-para-aumentar-pensiones\/\">Leer m\u00e1s<\/a><\/p>\n","protected":false},"author":2,"featured_media":8360,"comment_status":"closed","ping_status":"closed","sticky":false,"template":"","format":"standard","meta":{"footnotes":""},"categories":[1],"tags":[],"class_list":["post-8359","post","type-post","status-publish","format-standard","has-post-thumbnail","hentry","category-cronica"],"_links":{"self":[{"href":"https:\/\/www.radiopresidenteibanez.cl\/web\/wp-json\/wp\/v2\/posts\/8359","targetHints":{"allow":["GET"]}}],"collection":[{"href":"https:\/\/www.radiopresidenteibanez.cl\/web\/wp-json\/wp\/v2\/posts"}],"about":[{"href":"https:\/\/www.radiopresidenteibanez.cl\/web\/wp-json\/wp\/v2\/types\/post"}],"author":[{"embeddable":true,"href":"https:\/\/www.radiopresidenteibanez.cl\/web\/wp-json\/wp\/v2\/users\/2"}],"replies":[{"embeddable":true,"href":"https:\/\/www.radiopresidenteibanez.cl\/web\/wp-json\/wp\/v2\/comments?post=8359"}],"version-history":[{"count":0,"href":"https:\/\/www.radiopresidenteibanez.cl\/web\/wp-json\/wp\/v2\/posts\/8359\/revisions"}],"wp:featuredmedia":[{"embeddable":true,"href":"https:\/\/www.radiopresidenteibanez.cl\/web\/wp-json\/wp\/v2\/media\/8360"}],"wp:attachment":[{"href":"https:\/\/www.radiopresidenteibanez.cl\/web\/wp-json\/wp\/v2\/media?parent=8359"}],"wp:term":[{"taxonomy":"category","embeddable":true,"href":"https:\/\/www.radiopresidenteibanez.cl\/web\/wp-json\/wp\/v2\/categories?post=8359"},{"taxonomy":"post_tag","embeddable":true,"href":"https:\/\/www.radiopresidenteibanez.cl\/web\/wp-json\/wp\/v2\/tags?post=8359"}],"curies":[{"name":"wp","href":"https:\/\/api.w.org\/{rel}","templated":true}]}}