{"id":8357,"date":"2019-12-02T14:56:04","date_gmt":"2019-12-02T14:56:04","guid":{"rendered":"https:\/\/www.radiopresidenteibanez.cl\/web\/?p=8357"},"modified":"2019-12-02T14:56:08","modified_gmt":"2019-12-02T14:56:08","slug":"la-calle-es-su-lugar-por-rodrigo-araya-c","status":"publish","type":"post","link":"https:\/\/www.radiopresidenteibanez.cl\/web\/la-calle-es-su-lugar-por-rodrigo-araya-c\/","title":{"rendered":"LA CALLE ES SU LUGAR\u2026 por RODRIGO ARAYA C."},"content":{"rendered":"\n<p>El Estado ha decidido consultar a los ciudadanos si queremos\ncambiar la Constituci\u00f3n. \u00bfPor qu\u00e9 ser\u00eda necesario cambiarla?<\/p>\n\n\n\n<p>Propongo una hip\u00f3tesis: se ha producido un cambio tan\nprofundo en el concepto de ciudadan\u00eda, que el actual ordenamiento institucional\nes incapaz de darle cauce.<\/p>\n\n\n\n<p>Hasta ahora, el Estado comprende la ciudadan\u00eda como\nuniversal y por lo tanto, indiferenciada. As\u00ed, democratizar equivale a lo que\nocurre cuando en una laguna calma, arrojamos una piedra: ondas conc\u00e9ntricas\ncomienzan a expandirse, llegando, en una situaci\u00f3n ideal, a abarcar toda la\nlaguna. Esta comprensi\u00f3n implica que a la larga, todos nos vamos a parecer a\nquien desde hace mucho tiempo est\u00e1 en el centro: un ser masculino, blanco,\njudeo-cristiano, propietario y heterosexual.<\/p>\n\n\n\n<p>En consecuencia, nuestra institucionalidad reconoce\n\u00fanicamente la diversidad ideol\u00f3gica (socialismo, liberalismo, y los grises que ambos\npuedan crear), y no la identitaria, es decir, de otras opciones de vida. Un\nejemplo de esto lo constituye la reforma que transform\u00f3 Televisi\u00f3n Nacional de\nChile en televisi\u00f3n p\u00fablica, y no del Estado: para dar este paso, su directorio\ncomienza a ser elegido en el Senado, pues se asume que all\u00ed est\u00e1 representada\ntoda la diversidad chilena.<\/p>\n\n\n\n<p>Sin embargo hoy, hay identidades que no son reconocidas en\nlos canales que nuestra institucionalidad contempla. \u00bfQu\u00e9 pasa con quienes se\nsaben no masculinos, blancos, judeo-cristianos, propietarios ni\nheterosexuales?: no disponen de una institucionalidad que los acoja, por lo que\npara dar expresi\u00f3n p\u00fablica a sus demandas, la calle parece ser inevitable. Ya\nhace a\u00f1os que cada marcha, independientemente de su reivindicaci\u00f3n, atrae\ndemandas diversas: animalistas, homosexuales, ancianos, mujeres,\nambientalistas, ind\u00edgenas.<\/p>\n\n\n\n<p>El Estado ha intentado dar respuestas a esta explosi\u00f3n de\ndiversidad. Ejemplo: el Registro Civil puso se\u00f1al\u00e9tica en castellano y\nmapudungun. Pregunta: \u00bfhabr\u00e1 en cada oficina del Registro Civil un funcionario\nque pueda responder a quien habla mapudungun, o es el ciudadano (y no el\nEstado) quien est\u00e1 obligado a ser biling\u00fce?<\/p>\n\n\n\n<p>El Estado sigue tratando de encauzar en su laguna calma a la\nciudadan\u00eda. Por ello, cerca con rejas las veredas de las calles c\u00e9ntricas de\nmuchas ciudades, pues desconf\u00eda del criterio ciudadano para elegir el lugar por\ndonde cruzar.<\/p>\n\n\n\n<p>El cambio constitucional debiera crear una institucionalidad\ncon capacidad de dar expresi\u00f3n p\u00fablica a una diversidad m\u00e1s amplia que la que\nel Estado de Chile alguna vez so\u00f1\u00f3. En caso contrario, la calle continuar\u00e1\nsiendo su lugar\u2026<\/p>\n","protected":false},"excerpt":{"rendered":"<p>El Estado ha decidido consultar a los ciudadanos si queremos cambiar la Constituci\u00f3n. \u00bfPor qu\u00e9 ser\u00eda necesario cambiarla? Propongo una hip\u00f3tesis: se ha producido un cambio tan profundo en el&#8230; <a class=\"read-more\" href=\"https:\/\/www.radiopresidenteibanez.cl\/web\/la-calle-es-su-lugar-por-rodrigo-araya-c\/\">Leer m\u00e1s<\/a><\/p>\n","protected":false},"author":2,"featured_media":740,"comment_status":"closed","ping_status":"closed","sticky":false,"template":"","format":"standard","meta":{"footnotes":""},"categories":[1],"tags":[],"class_list":["post-8357","post","type-post","status-publish","format-standard","has-post-thumbnail","hentry","category-cronica"],"_links":{"self":[{"href":"https:\/\/www.radiopresidenteibanez.cl\/web\/wp-json\/wp\/v2\/posts\/8357","targetHints":{"allow":["GET"]}}],"collection":[{"href":"https:\/\/www.radiopresidenteibanez.cl\/web\/wp-json\/wp\/v2\/posts"}],"about":[{"href":"https:\/\/www.radiopresidenteibanez.cl\/web\/wp-json\/wp\/v2\/types\/post"}],"author":[{"embeddable":true,"href":"https:\/\/www.radiopresidenteibanez.cl\/web\/wp-json\/wp\/v2\/users\/2"}],"replies":[{"embeddable":true,"href":"https:\/\/www.radiopresidenteibanez.cl\/web\/wp-json\/wp\/v2\/comments?post=8357"}],"version-history":[{"count":0,"href":"https:\/\/www.radiopresidenteibanez.cl\/web\/wp-json\/wp\/v2\/posts\/8357\/revisions"}],"wp:featuredmedia":[{"embeddable":true,"href":"https:\/\/www.radiopresidenteibanez.cl\/web\/wp-json\/wp\/v2\/media\/740"}],"wp:attachment":[{"href":"https:\/\/www.radiopresidenteibanez.cl\/web\/wp-json\/wp\/v2\/media?parent=8357"}],"wp:term":[{"taxonomy":"category","embeddable":true,"href":"https:\/\/www.radiopresidenteibanez.cl\/web\/wp-json\/wp\/v2\/categories?post=8357"},{"taxonomy":"post_tag","embeddable":true,"href":"https:\/\/www.radiopresidenteibanez.cl\/web\/wp-json\/wp\/v2\/tags?post=8357"}],"curies":[{"name":"wp","href":"https:\/\/api.w.org\/{rel}","templated":true}]}}