{"id":8355,"date":"2019-12-02T14:44:39","date_gmt":"2019-12-02T14:44:39","guid":{"rendered":"https:\/\/www.radiopresidenteibanez.cl\/web\/?p=8355"},"modified":"2019-12-02T14:44:42","modified_gmt":"2019-12-02T14:44:42","slug":"comunicado-de-prensa-partido-radical-magallanes","status":"publish","type":"post","link":"https:\/\/www.radiopresidenteibanez.cl\/web\/comunicado-de-prensa-partido-radical-magallanes\/","title":{"rendered":"COMUNICADO DE PRENSA: PARTIDO RADICAL MAGALLANES"},"content":{"rendered":"\n<p>El Partido Radical de Chile, Regi\u00f3n de Magallanes y Ant\u00e1rtica Chilena, expresa p\u00fablicamente su repudio al comportamiento abusivo de un conocido abogado, ex autoridad del actual gobierno, quien junto a su c\u00f3nyuge, protagonizara una \u201cdetenci\u00f3n ciudadana\u201d contra un adolescente de 14 a\u00f1os aproximadamente.<\/p>\n\n\n\n<p>Un video difundido en redes sociales y medios de comunicaci\u00f3n, grabado por un estudiante universitario, vecino del sector, muestra al ex gobernador de la provincia Ant\u00e1rtica utilizando su fuerza para retener al ni\u00f1o, al que acusa de un delito. La esposa fue captada a cierta distancia, premunida de pistola. Un poco m\u00e1s tarde, desde una cuenta facebook, y animado por una conjetura personal sin sentido de autocr\u00edtica, el protagonista reivindic\u00f3 su proceder. <\/p>\n\n\n\n<p>Es preocupante ver c\u00f3mo ciertos referentes p\u00fablicos, de manera irresponsable, alientan discursos y acciones que promueven la violencia entre civiles. Frente a esto, la mayor\u00eda ciudadana ha reaccionado solidaria y protectoramente, sin ceder ante quienes, con pereza intelectual, simulan saberlo todo y se arrogan atribuciones en justicia que no tienen. <\/p>\n\n\n\n<p>Recientemente el INDH regional se querell\u00f3 contra Carabineros de Chile por apremios ileg\u00edtimos, luego que un ni\u00f1o de 3 a\u00f1os resultara lesionado tras la detenci\u00f3n de su padre. A la fecha, el INDH ha recibido 85 denuncias, de las cuales 29 son por vulneraci\u00f3n de derechos de ni\u00f1os, ni\u00f1as y adolescentes, y 6 de esas, son casos de personas menores de 14 a\u00f1os agredidas por carabineros. <\/p>\n\n\n\n<p>Entonces, si desde el punto de vista institucional la situaci\u00f3n regional ya es delicada, propiciar que civiles armados se enfrenten en la calle o en las manifestaciones, resulta francamente aberrante. En estas circunstancias, con la democracia representativa y la fe p\u00fablica en crisis, m\u00e1s se necesita que quienes se desenvuelven en lo p\u00fablico, act\u00faen con prudencia e inteligencia. Y sin olvidar que son las desigualdades estructurales las que est\u00e1n a la base de la crisis nacional.<\/p>\n\n\n\n<p>El Partido Radical de Magallanes exige que el sistema judicial investigue, acuse y sancione con todo el rigor de la ley, todas las denuncias por violaci\u00f3n a los derechos humanos y toda clase de abuso cometidas por civiles; muy especialmente, y con mayor prontitud, cuando la persona afectada ha sido ni\u00f1o, ni\u00f1a o adolescente. <\/p>\n\n\n\n<p>PARTIDO RADICAL DE CHILE<br>\nMAGALLANES Y ANT\u00c1RTICA CHILENA<\/p>\n","protected":false},"excerpt":{"rendered":"<p>El Partido Radical de Chile, Regi\u00f3n de Magallanes y Ant\u00e1rtica Chilena, expresa p\u00fablicamente su repudio al comportamiento abusivo de un conocido abogado, ex autoridad del actual gobierno, quien junto a&#8230; <a class=\"read-more\" href=\"https:\/\/www.radiopresidenteibanez.cl\/web\/comunicado-de-prensa-partido-radical-magallanes\/\">Leer m\u00e1s<\/a><\/p>\n","protected":false},"author":2,"featured_media":740,"comment_status":"closed","ping_status":"closed","sticky":false,"template":"","format":"standard","meta":{"footnotes":""},"categories":[5],"tags":[],"class_list":["post-8355","post","type-post","status-publish","format-standard","has-post-thumbnail","hentry","category-politica"],"_links":{"self":[{"href":"https:\/\/www.radiopresidenteibanez.cl\/web\/wp-json\/wp\/v2\/posts\/8355","targetHints":{"allow":["GET"]}}],"collection":[{"href":"https:\/\/www.radiopresidenteibanez.cl\/web\/wp-json\/wp\/v2\/posts"}],"about":[{"href":"https:\/\/www.radiopresidenteibanez.cl\/web\/wp-json\/wp\/v2\/types\/post"}],"author":[{"embeddable":true,"href":"https:\/\/www.radiopresidenteibanez.cl\/web\/wp-json\/wp\/v2\/users\/2"}],"replies":[{"embeddable":true,"href":"https:\/\/www.radiopresidenteibanez.cl\/web\/wp-json\/wp\/v2\/comments?post=8355"}],"version-history":[{"count":0,"href":"https:\/\/www.radiopresidenteibanez.cl\/web\/wp-json\/wp\/v2\/posts\/8355\/revisions"}],"wp:featuredmedia":[{"embeddable":true,"href":"https:\/\/www.radiopresidenteibanez.cl\/web\/wp-json\/wp\/v2\/media\/740"}],"wp:attachment":[{"href":"https:\/\/www.radiopresidenteibanez.cl\/web\/wp-json\/wp\/v2\/media?parent=8355"}],"wp:term":[{"taxonomy":"category","embeddable":true,"href":"https:\/\/www.radiopresidenteibanez.cl\/web\/wp-json\/wp\/v2\/categories?post=8355"},{"taxonomy":"post_tag","embeddable":true,"href":"https:\/\/www.radiopresidenteibanez.cl\/web\/wp-json\/wp\/v2\/tags?post=8355"}],"curies":[{"name":"wp","href":"https:\/\/api.w.org\/{rel}","templated":true}]}}