{"id":8343,"date":"2019-12-02T14:28:56","date_gmt":"2019-12-02T14:28:56","guid":{"rendered":"https:\/\/www.radiopresidenteibanez.cl\/web\/?p=8343"},"modified":"2019-12-02T14:29:01","modified_gmt":"2019-12-02T14:29:01","slug":"deseos-de-paz-por-ernesto-sepulveda","status":"publish","type":"post","link":"https:\/\/www.radiopresidenteibanez.cl\/web\/deseos-de-paz-por-ernesto-sepulveda\/","title":{"rendered":"DESEOS DE PAZ por ERNESTO SEPULVEDA"},"content":{"rendered":"\n<p>Transcurridos m\u00e1s\nde 45 d\u00edas desde el llamado \u201cEstallido social\u201d del 18 de octubre, nuestro pa\u00eds\nha vivido las jornadas de movilizaci\u00f3n mas masivas, desde el triunfo del NO en\nel plebiscito de 1988. Se han escrito p\u00e1ginas y p\u00e1ginas de sesudos an\u00e1lisis,\ntratando de explicar lo sucedido. Algunos incluso, sin verg\u00fcenza ni pudor, han\nse\u00f1alado que el estallido lo habr\u00edan advertido hace mucho tiempo.<\/p>\n\n\n\n<p>Sea como fuere, el\nhecho es que las masivas y pac\u00edficas marchas, de las primeras semanas, han sido\nopacadas por episodios de violencia y destrucci\u00f3n, nunca antes vista en\ndemocracia. El actuar polic\u00edaco, sobre exigido por las movilizaciones\npermanentes y continuas, tambi\u00e9n ha dado paso, a pr\u00e1cticas represivas con da\u00f1o\ngrave a las personas. En una discusi\u00f3n sin fin, entre interlocutores que no se\nescuchan, se han cruzado en estos 45 d\u00edas, las acusaciones de saqueos y\nvandalismo, con las acusaciones de graves violaciones de los DDHH por la fuerza\np\u00fablica.<\/p>\n\n\n\n<p>Chile est\u00e1 herido\nen lo m\u00e1s profundo de su alma. La desconfianza y el descr\u00e9dito hacia toda\nfigura de autoridad, ha saboteado los intentos de gobierno y parlamento, por\nresolver la crisis.&nbsp;<\/p>\n\n\n\n<p>Las acusaciones de\ntraici\u00f3n, est\u00e1n a la orden del d\u00eda. Sucede con esas a\u00f1ejas figuras\nconcertacionistas, que aparecen en mitad de la tormenta. Ellos advierten que ya\nlo hab\u00edan advertido. Que hay que temer, hay que tener cuidado.<\/p>\n\n\n\n<p>Pero tambi\u00e9n se\nacusa traici\u00f3n en los nuevos grupos de izquierda que colonizan el parlamento. A\nla postura de un prudente y razonable diputado Gabriel Boric, se la trata como\nanatema. Como si hubiese traicionado secretos juramentos, se lo suspende del\npartido que ayud\u00f3 a formar.<\/p>\n\n\n\n<p>En medio de una\nsituaci\u00f3n ca\u00f3tica en las principales ciudades del pa\u00eds, a\u00fan hoy d\u00eda, surgen\nvoces del pasado, a\u00f1orando rebeliones populares que no fueron, o focos\nrevolucionarios, que tampoco fueron. Con una ol\u00edmpica indiferencia por las\n\u201ccondiciones objetivas\u201d de nuestro pueblo, ya anuncia, poco menos que&nbsp; el\n\u201casalto al palacio de invierno\u201d.<\/p>\n\n\n\n<p>No existen\nliderazgos convocantes, legitimados, que puedan interpretar los anhelos y\nesperanzas de las grandes masas de asalariados. Lo que hay es c\u00fapulas\nsindicales, sin autonom\u00eda de los partidos pol\u00edticos, que reproducen la cuenta\nde la comisi\u00f3n pol\u00edtica, sin titubear. Si la representatividad de los\nparlamentarios est\u00e1 en entredicho, as\u00ed como sus m\u00faltiples beneficios\npecuniarios, no debe olvidarse que tambi\u00e9n en la c\u00fapula sindical, se dan los\nmismos vicios. Dirigentes permanentes o perpetuos, casi vitalicios, como si no\nexistiera trabajadores m\u00e1s capacitados, m\u00e1s j\u00f3venes.<\/p>\n\n\n\n<p>Nuestro pa\u00eds requiere\ncon urgencia retomar la normalidad. S\u00ed, esa palabra, que los m\u00e1s relamidos y\npol\u00edticamente correctos, hoy no dicen. Necesitamos que cuando una trabajadora\nse pare en el paradero, a esperar el bus a las 7,00 AM, el bus pase. Y ella\npueda llegar segura a su trabajo. Necesitamos que la infraestructura urbana,\neste funcionando, paraderos de buses, sem\u00e1foros, estaciones de tren y de metro.<\/p>\n\n\n\n<p>Los trabajadores y\ntrabajadoras de Chile, quieren mejorar sus condiciones de trabajo y\nremuneraci\u00f3n. Eso no significa que quieran asumir la gesti\u00f3n de la empresa, ni\nmucho menos que a empresa cierre o quiebre.<\/p>\n\n\n\n<p>Cuando dices que\npara que Chile mejore, necesitamos paz, de inmediato te tildan de facho o momio.\nSi dices que deben cesar las graves violaciones a los DDHH, que han cometido\nagentes del estado, te tildan de comunista.<\/p>\n\n\n\n<p>De lo que se trata\nes de que nos escuchemos entre nosotros. No el que est\u00e1 incendiando un supermercado\no rompiendo un sem\u00e1foro, porque ese es un delincuente, que debe responder ante\nla justicia. Nosotros, los que queremos que el pa\u00eds progrese, para todos, que\ncrezca para todos.<\/p>\n\n\n\n<p>Por vez primera en\nla historia de nuestra Rep\u00fablica, avanzamos hacia un momento en que todas las\nvoces ser\u00e1n escuchadas.&nbsp;&nbsp;Con toda seguridad una nueva constituci\u00f3n,\nelaborada en una convenci\u00f3n o asamblea constituyente, no resolver\u00e1 todos los\nproblemas del pa\u00eds. Ni siquiera dar\u00e1 soluci\u00f3n a los problemas mas urgentes.\nPero sentar\u00e1 las bases de una nueva forma de convivencia, una nueva forma de\nrelacionarnos, y una nueva forma de distribuci\u00f3n del poder.<\/p>\n\n\n\n<p>Tenemos antes de\neso, much\u00edsimo que hacer, concretar una agenda social de verdad, una que vaya\nm\u00e1s all\u00e1 de los 0,4 puntos del PIB, que representa la agenda presentada por el\ngobierno. No llegaremos a financiar ni a concretar en este gobierno, la\ntotalidad de las propuestas sociales, a juicio de los economistas, representa\nun gasto cercano a 4 puntos del PIB. Simplemente no puede financiarse. Don\nRicardo French Davis, conocido economista, propon\u00eda esta semana, aumentar el\nroyalty a proyectos nuevos, con par\u00e1metros similares a Canad\u00e1 o Australia.\nModificar el impuesto a la herencia, que hoy recauda muy poco. Y en el mediano\nplazo una nueva reforma tributaria.<\/p>\n\n\n\n<p>Podemos hacer todo\neso, y mucho m\u00e1s, pero necesitamos volver a producir, para evitar se sigan\ndestruyendo empleos. Los trabajadores del sector privado, no pueden ir a\nmarchas en horario de trabajo, porque son despedidos, si faltan se les\ndescuenta. Esos trabajadores, que son los que perciben las rentas mas\nmiserables en nuestra patria, necesitan nuestro respeto y apoyo. Debemos\ngenerar las condiciones de paz y normalidad que nos permita, reconstruir\nnuestras ciudades, nuestras escuelas y liceos, los almacenes, las tiendas, las\nfarmacias.<\/p>\n\n\n\n<p>&nbsp;Chile espera\nm\u00e1s de nosotros, espera que alcemos la voz, somos gente de paz, no queremos mas\nmuertos, heridos o personas cegadas. Tampoco queremos m\u00e1s incendios en hoteles,\niglesias o supermercados.<\/p>\n\n\n\n<p>En el mundo cristiano,\niniciamos el tiempo de espera, que concluir\u00e1 en navidad. Demos a nuestros ni\u00f1os\nuna fiesta especial este a\u00f1o. Que no sean los objetos ni las cosas materiales,\nel centro en nuestros hogares. Valoremos la paz en la que vivimos, apreciemos\nese regalo que nos llena el coraz\u00f3n de buenos sentimientos. <\/p>\n\n\n\n<p>&nbsp;Desterremos\nel odio y el resentimiento, y miremos el futuro con alegr\u00eda y esperanza.<\/p>\n\n\n\n<p>Soy Ernesto\nSep\u00falveda, en \u201cCr\u00f3nicas de la patagonia\u201d<\/p>\n\n\n\n<p>Lunes 2 de\ndiciembre de 2019.<\/p>\n","protected":false},"excerpt":{"rendered":"<p>Transcurridos m\u00e1s de 45 d\u00edas desde el llamado \u201cEstallido social\u201d del 18 de octubre, nuestro pa\u00eds ha vivido las jornadas de movilizaci\u00f3n mas masivas, desde el triunfo del NO en&#8230; <a class=\"read-more\" href=\"https:\/\/www.radiopresidenteibanez.cl\/web\/deseos-de-paz-por-ernesto-sepulveda\/\">Leer m\u00e1s<\/a><\/p>\n","protected":false},"author":2,"featured_media":2310,"comment_status":"closed","ping_status":"closed","sticky":false,"template":"","format":"standard","meta":{"footnotes":""},"categories":[1],"tags":[],"class_list":["post-8343","post","type-post","status-publish","format-standard","has-post-thumbnail","hentry","category-cronica"],"_links":{"self":[{"href":"https:\/\/www.radiopresidenteibanez.cl\/web\/wp-json\/wp\/v2\/posts\/8343","targetHints":{"allow":["GET"]}}],"collection":[{"href":"https:\/\/www.radiopresidenteibanez.cl\/web\/wp-json\/wp\/v2\/posts"}],"about":[{"href":"https:\/\/www.radiopresidenteibanez.cl\/web\/wp-json\/wp\/v2\/types\/post"}],"author":[{"embeddable":true,"href":"https:\/\/www.radiopresidenteibanez.cl\/web\/wp-json\/wp\/v2\/users\/2"}],"replies":[{"embeddable":true,"href":"https:\/\/www.radiopresidenteibanez.cl\/web\/wp-json\/wp\/v2\/comments?post=8343"}],"version-history":[{"count":0,"href":"https:\/\/www.radiopresidenteibanez.cl\/web\/wp-json\/wp\/v2\/posts\/8343\/revisions"}],"wp:featuredmedia":[{"embeddable":true,"href":"https:\/\/www.radiopresidenteibanez.cl\/web\/wp-json\/wp\/v2\/media\/2310"}],"wp:attachment":[{"href":"https:\/\/www.radiopresidenteibanez.cl\/web\/wp-json\/wp\/v2\/media?parent=8343"}],"wp:term":[{"taxonomy":"category","embeddable":true,"href":"https:\/\/www.radiopresidenteibanez.cl\/web\/wp-json\/wp\/v2\/categories?post=8343"},{"taxonomy":"post_tag","embeddable":true,"href":"https:\/\/www.radiopresidenteibanez.cl\/web\/wp-json\/wp\/v2\/tags?post=8343"}],"curies":[{"name":"wp","href":"https:\/\/api.w.org\/{rel}","templated":true}]}}