{"id":8341,"date":"2019-11-29T18:34:33","date_gmt":"2019-11-29T18:34:33","guid":{"rendered":"https:\/\/www.radiopresidenteibanez.cl\/web\/?p=8341"},"modified":"2019-11-29T18:34:36","modified_gmt":"2019-11-29T18:34:36","slug":"geriatra-ramon-lobos-magallanes-debe-prepararse-para-una-poblacion-que-esta-envejeciendo","status":"publish","type":"post","link":"https:\/\/www.radiopresidenteibanez.cl\/web\/geriatra-ramon-lobos-magallanes-debe-prepararse-para-una-poblacion-que-esta-envejeciendo\/","title":{"rendered":"GERIATRA RAM\u00d3N LOBOS: \u201cMAGALLANES DEBE PREPARARSE PARA UNA POBLACI\u00d3N QUE EST\u00c1 ENVEJECIENDO\u201d"},"content":{"rendered":"\n<p>El m\u00e9dico geriatra, Ram\u00f3n Lobos V\u00e1squez, realiz\u00f3 un llamado\na las autoridades regionales y comunales, a preparar el territorio para una\npoblaci\u00f3n que est\u00e1 envejeciendo.<\/p>\n\n\n\n<p>Lo anterior, seg\u00fan la S\u00edntesis de Estimaciones y\nProyecciones de la Poblaci\u00f3n de Chile 2002-2035 publicada por el Instituto\nNacional de Estad\u00edsticas (INE), correspondiente al an\u00e1lisis a nivel regional\npor edad, sexo y \u00e1reas urbana y rural, elaboradas a partir del Censo de\nPoblaci\u00f3n y Vivienda 2017.<\/p>\n\n\n\n<p>En el an\u00e1lisis, se proyecta un crecimiento negativo a nivel\npa\u00eds de 8,2% en el tramo 0-14 a\u00f1os y un aumento de un 76,7% en el tramo de 65\na\u00f1os y m\u00e1s entre 2019 y 2035.<\/p>\n\n\n\n<p>Magallanes ser\u00eda una de las regiones que presentar\u00eda un\nenvejecimiento de la poblaci\u00f3n al a\u00f1o 2035, es decir, tendr\u00eda m\u00e1s adultos mayores\nque ni\u00f1os, lo cual \u2013 indica Lobos &#8211; deber\u00eda ser un tema de an\u00e1lisis para las\nautoridades.<\/p>\n\n\n\n<p>\u201cHay una serie de adecuaciones que deber\u00edan realizarse en\nlas ciudades para que los adultos mayores no tengan que quedarse encerrados en\nsus casas. En general, nuestras ciudades no est\u00e1n preparadas para que los\nmayores salgan a recorrer, hacer tr\u00e1mites o pasear, de manera c\u00f3moda\u201d, explic\u00f3\nel especialista, agregando que las personas mayores requieren entornos de vida\nfacilitadores y de apoyo para compensar los cambios f\u00edsicos y sociales\nasociados al envejecimiento.<\/p>\n\n\n\n<p>Por otro lado, el sistema de salud deber\u00eda tambi\u00e9n estar\npreparado para esta realidad. Se requieren manejos especializados, donde sea el\nsistema el que se adapte a las necesidades de los usuarios, desde distintos\npuntos de vista: atenci\u00f3n, implementaci\u00f3n de unidades geri\u00e1tricas, capacitaci\u00f3n\nde especialistas, entre otras.<\/p>\n\n\n\n<p>El sistema de transporte en Magallanes tampoco est\u00e1 pensado\npara los mayores, quienes muchas veces tienen problemas de movilidad, lo cual\nno les permite acceder con facilidad al transporte p\u00fablico.<\/p>\n\n\n\n<p>El m\u00e9dico inst\u00f3 a que estas consideraciones sean\ncontempladas en las pol\u00edticas gubernamentales, tomando en cuenta que la gran\nmayor\u00eda llegar\u00e1 a edades avanzadas y el pa\u00eds debe estar preparado para ello.\n\u201cAl ser una de las regiones que se ver\u00e1n m\u00e1s afectadas, necesariamente hay\nurgencia no s\u00f3lo de responder a la actual poblaci\u00f3n adulta mayor, sino que\nhacerla con sentido de profundos cambios para los mayores&nbsp; que vendr\u00e1n\u201d, puntualiz\u00f3.<\/p>\n","protected":false},"excerpt":{"rendered":"<p>El m\u00e9dico geriatra, Ram\u00f3n Lobos V\u00e1squez, realiz\u00f3 un llamado a las autoridades regionales y comunales, a preparar el territorio para una poblaci\u00f3n que est\u00e1 envejeciendo. Lo anterior, seg\u00fan la S\u00edntesis&#8230; <a class=\"read-more\" href=\"https:\/\/www.radiopresidenteibanez.cl\/web\/geriatra-ramon-lobos-magallanes-debe-prepararse-para-una-poblacion-que-esta-envejeciendo\/\">Leer m\u00e1s<\/a><\/p>\n","protected":false},"author":2,"featured_media":7518,"comment_status":"closed","ping_status":"closed","sticky":false,"template":"","format":"standard","meta":{"footnotes":""},"categories":[1],"tags":[],"class_list":["post-8341","post","type-post","status-publish","format-standard","has-post-thumbnail","hentry","category-cronica"],"_links":{"self":[{"href":"https:\/\/www.radiopresidenteibanez.cl\/web\/wp-json\/wp\/v2\/posts\/8341","targetHints":{"allow":["GET"]}}],"collection":[{"href":"https:\/\/www.radiopresidenteibanez.cl\/web\/wp-json\/wp\/v2\/posts"}],"about":[{"href":"https:\/\/www.radiopresidenteibanez.cl\/web\/wp-json\/wp\/v2\/types\/post"}],"author":[{"embeddable":true,"href":"https:\/\/www.radiopresidenteibanez.cl\/web\/wp-json\/wp\/v2\/users\/2"}],"replies":[{"embeddable":true,"href":"https:\/\/www.radiopresidenteibanez.cl\/web\/wp-json\/wp\/v2\/comments?post=8341"}],"version-history":[{"count":0,"href":"https:\/\/www.radiopresidenteibanez.cl\/web\/wp-json\/wp\/v2\/posts\/8341\/revisions"}],"wp:featuredmedia":[{"embeddable":true,"href":"https:\/\/www.radiopresidenteibanez.cl\/web\/wp-json\/wp\/v2\/media\/7518"}],"wp:attachment":[{"href":"https:\/\/www.radiopresidenteibanez.cl\/web\/wp-json\/wp\/v2\/media?parent=8341"}],"wp:term":[{"taxonomy":"category","embeddable":true,"href":"https:\/\/www.radiopresidenteibanez.cl\/web\/wp-json\/wp\/v2\/categories?post=8341"},{"taxonomy":"post_tag","embeddable":true,"href":"https:\/\/www.radiopresidenteibanez.cl\/web\/wp-json\/wp\/v2\/tags?post=8341"}],"curies":[{"name":"wp","href":"https:\/\/api.w.org\/{rel}","templated":true}]}}