{"id":8338,"date":"2019-11-29T18:31:34","date_gmt":"2019-11-29T18:31:34","guid":{"rendered":"https:\/\/www.radiopresidenteibanez.cl\/web\/?p=8338"},"modified":"2019-11-29T18:31:37","modified_gmt":"2019-11-29T18:31:37","slug":"intendente-fernandez-y-ministro-de-agricultura-inauguraron-la-central-de-monitoreo-de-incendios-forestales-en-puerto-natales","status":"publish","type":"post","link":"https:\/\/www.radiopresidenteibanez.cl\/web\/intendente-fernandez-y-ministro-de-agricultura-inauguraron-la-central-de-monitoreo-de-incendios-forestales-en-puerto-natales\/","title":{"rendered":"INTENDENTE FERN\u00c1NDEZ Y MINISTRO DE AGRICULTURA INAUGURARON LA CENTRAL DE MONITOREO DE INCENDIOS FORESTALES EN PUERTO NATALES"},"content":{"rendered":"\n<p>Bajo una copiosa lluvia, una comitiva liderada por el\nIntendente de Magallanes y de la Ant\u00e1rtica Chilena, Jos\u00e9 Fern\u00e1ndez D\u00fcbrock, el\nMinistro de Agricultura, Antonio Walker Prieto y el Seremi del ramo, Alfonso\nRoux Pittet, entre otras autoridades, se traslad\u00f3 pasadas las 19 horas de este\njueves hasta la base de la Brigada Lenga IV de Conaf, en el sector de Huertos\nFamiliares, en la comuna de Puerto Natales, lugar donde inauguraron el proyecto\n\u201cReposici\u00f3n del Sistema de Monitoreo Remoto de Incendios Forestales del Parque\nNacional Torres del Paine\u201d.<\/p>\n\n\n\n<p>Esta iniciativa fue elaborada por la Corporaci\u00f3n Nacional\nForestal (Conaf), financiada por el Gobierno Regional y ejecutada por la Fundaci\u00f3n\nde Desarrollo Araucan\u00eda de la Universidad de la Frontera y consiste en un punto\nfijo con m\u00faltiples pantallas que captan las im\u00e1genes que registra una red de\nc\u00e1maras instaladas en zonas estrat\u00e9gicas en la comuna de Puerto Natales y en la\nOctava Maravilla del Mundo, permitiendo tener una panor\u00e1mica m\u00e1s eficiente para\nvigilar el territorio y detectar posibles focos de incendios forestales. El\nproyecto contempla dos centrales de monitoreo, y durante la tarde de ayer se\ninaugur\u00f3 la que corresponde a la capital de \u00daltima Esperanza.<\/p>\n\n\n\n<p>En la ceremonia, participaron adem\u00e1s el director ejecutivo\nnacional de Conaf, Jos\u00e9 Manuel Rebolledo; el gobernador de \u00daltima Esperanza,\nRa\u00fal Suazo; el gerente de \u00c1reas Silvestres Protegidas de Conaf, Richard Torres,\nentre otras autoridades locales.<\/p>\n\n\n\n<p>Al respecto, la m\u00e1xima autoridad de Magallanes destac\u00f3 que\n\u201ces una tecnolog\u00eda de punta, de primera calidad para los brigadistas de la\nprovincia de \u00daltima Esperanza, y que gracias al esfuerzo del Gobierno Regional\ny el compromiso de los consejeros regionales con el cuidado de nuestros\nrecursos naturales ha podido plasmarse este proyecto que fue largamente\nanhelado por la Conaf. Esto nos va a ayudar much\u00edsimo puesto que todos sabemos\ncu\u00e1les son las condiciones clim\u00e1ticas y c\u00f3mo han cambiado adem\u00e1s de la sequ\u00eda\nque tambi\u00e9n ha azotado a esta regi\u00f3n\u201d.<\/p>\n\n\n\n<p>Por su parte, el secretario de Estado, se\u00f1al\u00f3 que \u201cla\ntelevigilancia nos permitir\u00e1 en una regi\u00f3n tan extensa como es Magallanes,\ntener un mucho mejor control y eficiencia para poder llegar lo m\u00e1s temprano\nposible a combatir el fuego. As\u00ed que estoy muy contento con este tremendo\nesfuerzo que ha hecho el Intendente y los cores y quiero p\u00fablicamente agradecer\nel aporte de casi 60 millones de pesos para estas 23 c\u00e1maras que nos van a\npermitir tratar de evitar que nunca m\u00e1s tengamos 17 mil hect\u00e1reas afectadas en\nla regi\u00f3n, como ocurri\u00f3 en el incendio del a\u00f1o 2011\u201d.<\/p>\n\n\n\n<p>Cabe enfatizar que en este proyecto tambi\u00e9n se adquirieron\nequipos complementarios para la detecci\u00f3n terrestre m\u00f3vil, redes de\ncomunicaci\u00f3n, telefon\u00eda satelital y un drone.<\/p>\n\n\n\n<p>En la inauguraci\u00f3n del proyecto \u201cReposici\u00f3n del Sistema de\nMonitoreo Remoto de Incendios Forestales del Parque Nacional Torres del Paine\u201d,\niniciativa elaborada por la Corporaci\u00f3n Nacional Forestal (Conaf), financiado\npor el Gobierno Regional y ejecutado por la Fundaci\u00f3n de Desarrollo Araucan\u00eda\nde la Universidad de la Frontera.<\/p>\n\n\n\n<p>Consiste en una red de c\u00e1maras instaladas en zonas\nestrat\u00e9gicas de la comuna de Puerto Natales y en la Octava Maravilla del Mundo,\npermitiendo tener una panor\u00e1mica m\u00e1s eficiente para vigilar el territorio y\ndetectar posibles focos de incendios forestales. El proyecto contempla dos\ncentrales de monitoreo, y durante la tarde de ayer se inaugur\u00f3 la que\ncorresponde a la capital de \u00daltima Esperanza.<\/p>\n\n\n\n<p>Ministro de Agricultura, Antonio Walker Prieto; el director\nejecutivo nacional de Conaf, Jos\u00e9 Manuel Rebolledo, el seremi de Agricultura,\nAlfonso Roux; el gobernador de \u00daltima Esperanza, Ra\u00fal Suazo; el gerente de\n\u00c1reas Silvestres Protegidas de Conaf, Richard Torres, entre otras autoridades.<\/p>\n","protected":false},"excerpt":{"rendered":"<p>Bajo una copiosa lluvia, una comitiva liderada por el Intendente de Magallanes y de la Ant\u00e1rtica Chilena, Jos\u00e9 Fern\u00e1ndez D\u00fcbrock, el Ministro de Agricultura, Antonio Walker Prieto y el Seremi&#8230; <a class=\"read-more\" href=\"https:\/\/www.radiopresidenteibanez.cl\/web\/intendente-fernandez-y-ministro-de-agricultura-inauguraron-la-central-de-monitoreo-de-incendios-forestales-en-puerto-natales\/\">Leer m\u00e1s<\/a><\/p>\n","protected":false},"author":2,"featured_media":8339,"comment_status":"closed","ping_status":"closed","sticky":false,"template":"","format":"standard","meta":{"footnotes":""},"categories":[1],"tags":[],"class_list":["post-8338","post","type-post","status-publish","format-standard","has-post-thumbnail","hentry","category-cronica"],"_links":{"self":[{"href":"https:\/\/www.radiopresidenteibanez.cl\/web\/wp-json\/wp\/v2\/posts\/8338","targetHints":{"allow":["GET"]}}],"collection":[{"href":"https:\/\/www.radiopresidenteibanez.cl\/web\/wp-json\/wp\/v2\/posts"}],"about":[{"href":"https:\/\/www.radiopresidenteibanez.cl\/web\/wp-json\/wp\/v2\/types\/post"}],"author":[{"embeddable":true,"href":"https:\/\/www.radiopresidenteibanez.cl\/web\/wp-json\/wp\/v2\/users\/2"}],"replies":[{"embeddable":true,"href":"https:\/\/www.radiopresidenteibanez.cl\/web\/wp-json\/wp\/v2\/comments?post=8338"}],"version-history":[{"count":0,"href":"https:\/\/www.radiopresidenteibanez.cl\/web\/wp-json\/wp\/v2\/posts\/8338\/revisions"}],"wp:featuredmedia":[{"embeddable":true,"href":"https:\/\/www.radiopresidenteibanez.cl\/web\/wp-json\/wp\/v2\/media\/8339"}],"wp:attachment":[{"href":"https:\/\/www.radiopresidenteibanez.cl\/web\/wp-json\/wp\/v2\/media?parent=8338"}],"wp:term":[{"taxonomy":"category","embeddable":true,"href":"https:\/\/www.radiopresidenteibanez.cl\/web\/wp-json\/wp\/v2\/categories?post=8338"},{"taxonomy":"post_tag","embeddable":true,"href":"https:\/\/www.radiopresidenteibanez.cl\/web\/wp-json\/wp\/v2\/tags?post=8338"}],"curies":[{"name":"wp","href":"https:\/\/api.w.org\/{rel}","templated":true}]}}