{"id":8335,"date":"2019-11-29T18:28:22","date_gmt":"2019-11-29T18:28:22","guid":{"rendered":"https:\/\/www.radiopresidenteibanez.cl\/web\/?p=8335"},"modified":"2019-11-29T18:28:25","modified_gmt":"2019-11-29T18:28:25","slug":"empresa-portuaria-austral-atendio-simultaneamente-cinco-cruceros-en-sus-muelles-de-punta-arenas","status":"publish","type":"post","link":"https:\/\/www.radiopresidenteibanez.cl\/web\/empresa-portuaria-austral-atendio-simultaneamente-cinco-cruceros-en-sus-muelles-de-punta-arenas\/","title":{"rendered":"EMPRESA PORTUARIA AUSTRAL ATENDI\u00d3 SIMULT\u00c1NEAMENTE CINCO CRUCEROS EN SUS MUELLES DE PUNTA ARENAS"},"content":{"rendered":"\n<p>Conforme a lo programado, este jueves 28 de noviembre recalaron en los terminales Arturo Prat y Jos\u00e9 de los Santos Mardones en Punta Arenas tres cruceros internacionales m\u00e1s uno regional, los cuales se sumaron al Magellan Explorer, que permanec\u00eda atracado en Muelle Prat desde el pasado s\u00e1bado 23 de noviembre.&nbsp;Perteneciente a&nbsp;la empresa regional Antarctica 21 y representado por Ultramar, dicha nave&nbsp;zarp\u00f3 alrededor de las 18:00 horas con 71 pasajeros rumbo a Puerto Williams, en su primer viaje comercial con destino a la Ant\u00e1rtica.<\/p>\n\n\n\n<p>La jornada de m\u00faltiples arribos fue abierta a las 5:00 horas, con la recalada&nbsp;en el Muelle Jos\u00e9 de los Santos Mardones del crucero&nbsp;Seven Seas Mariner, en su \u00fanica visita a la ciudad para esta temporada. La nave de 216 m de eslora&nbsp;y 610&nbsp;pasajeros, pertenece a la l\u00ednea Regent Seven Seas Cruises; representada por Inchcape Shipping Services, zarp\u00f3 alrededor de las 17:00 horas&nbsp;con destino a Ushuaia.<\/p>\n\n\n\n<p>En tanto, a las 11:00 horas arrib\u00f3 el crucero Island Sky, embarcaci\u00f3n de&nbsp;90 metros de eslora con 96 pasajeros a bordo. Operada por Salen Ship Management y representada por Agunsa, permaneci\u00f3 a la gira en el Muelle Arturo Prat hasta alrededor de las 18:00 horas. En el mismo terminal&nbsp;recal\u00f3 el crucero regional Ventus Australis, de 90 m de eslora y representado por&nbsp;Navsa, a bordo del cual embarcaron 138 pasajeros que zarparon a las 20:00 horas.&nbsp;<\/p>\n\n\n\n<p>En tanto, el Roald Amundsen arrib\u00f3 a las 6:00 horas al Muelle Arturo Prat. La nave h\u00edbrida de la l\u00ednea Hurtigruten&nbsp;representada por Inchcape Shipping Services, zarpar\u00e1&nbsp;hoy&nbsp;alrededor de las 13:00 horas&nbsp;con&nbsp;396 pasajeros&nbsp;embarcados en Punta Arenas, donde la nave ha definido su Home Port para esta temporada.<\/p>\n\n\n\n<p>El gerente general de la Empresa Portuaria Austral, Rodrigo Pommiez, expres\u00f3 su satisfacci\u00f3n por esta simultaneidad de recaladas pues \u201ces un ejemplo concreto del enfoque de sistema portuario que estamos otorgando a nuestros terminales y rampas, en que cada uno de ellos contribuye con espacios y servicios para satisfacer los diversos requerimientos de nuestros usuarios. Adem\u00e1s, permite apreciar la utilidad de la extensi\u00f3n del muelle Prat, que optimiz\u00f3 indudablemente nuestra capacidad de operaci\u00f3n en los meses de alta demanda, no solo de cruceros, sino tambi\u00e9n de embarcaciones pesqueras y cient\u00edficas\u00bb.&nbsp;<br><\/p>\n","protected":false},"excerpt":{"rendered":"<p>Conforme a lo programado, este jueves 28 de noviembre recalaron en los terminales Arturo Prat y Jos\u00e9 de los Santos Mardones en Punta Arenas tres cruceros internacionales m\u00e1s uno regional,&#8230; <a class=\"read-more\" href=\"https:\/\/www.radiopresidenteibanez.cl\/web\/empresa-portuaria-austral-atendio-simultaneamente-cinco-cruceros-en-sus-muelles-de-punta-arenas\/\">Leer m\u00e1s<\/a><\/p>\n","protected":false},"author":2,"featured_media":8336,"comment_status":"closed","ping_status":"closed","sticky":false,"template":"","format":"standard","meta":{"footnotes":""},"categories":[1],"tags":[],"class_list":["post-8335","post","type-post","status-publish","format-standard","has-post-thumbnail","hentry","category-cronica"],"_links":{"self":[{"href":"https:\/\/www.radiopresidenteibanez.cl\/web\/wp-json\/wp\/v2\/posts\/8335","targetHints":{"allow":["GET"]}}],"collection":[{"href":"https:\/\/www.radiopresidenteibanez.cl\/web\/wp-json\/wp\/v2\/posts"}],"about":[{"href":"https:\/\/www.radiopresidenteibanez.cl\/web\/wp-json\/wp\/v2\/types\/post"}],"author":[{"embeddable":true,"href":"https:\/\/www.radiopresidenteibanez.cl\/web\/wp-json\/wp\/v2\/users\/2"}],"replies":[{"embeddable":true,"href":"https:\/\/www.radiopresidenteibanez.cl\/web\/wp-json\/wp\/v2\/comments?post=8335"}],"version-history":[{"count":0,"href":"https:\/\/www.radiopresidenteibanez.cl\/web\/wp-json\/wp\/v2\/posts\/8335\/revisions"}],"wp:featuredmedia":[{"embeddable":true,"href":"https:\/\/www.radiopresidenteibanez.cl\/web\/wp-json\/wp\/v2\/media\/8336"}],"wp:attachment":[{"href":"https:\/\/www.radiopresidenteibanez.cl\/web\/wp-json\/wp\/v2\/media?parent=8335"}],"wp:term":[{"taxonomy":"category","embeddable":true,"href":"https:\/\/www.radiopresidenteibanez.cl\/web\/wp-json\/wp\/v2\/categories?post=8335"},{"taxonomy":"post_tag","embeddable":true,"href":"https:\/\/www.radiopresidenteibanez.cl\/web\/wp-json\/wp\/v2\/tags?post=8335"}],"curies":[{"name":"wp","href":"https:\/\/api.w.org\/{rel}","templated":true}]}}