{"id":8332,"date":"2019-11-29T18:22:48","date_gmt":"2019-11-29T18:22:48","guid":{"rendered":"https:\/\/www.radiopresidenteibanez.cl\/web\/?p=8332"},"modified":"2019-11-29T18:22:50","modified_gmt":"2019-11-29T18:22:50","slug":"avanza-proyecto-para-iluminar-ruta-hacia-el-aeropuerto-de-punta-arenas","status":"publish","type":"post","link":"https:\/\/www.radiopresidenteibanez.cl\/web\/avanza-proyecto-para-iluminar-ruta-hacia-el-aeropuerto-de-punta-arenas\/","title":{"rendered":"AVANZA PROYECTO PARA ILUMINAR RUTA HACIA EL AEROPUERTO DE PUNTA ARENAS"},"content":{"rendered":"\n<p>El Alcalde de Punta Arenas Claudio Radonich,\nSeremi de Obras P\u00fablicas Pablo Rendoll, Concejal German Flores y Director\nRegional de Vialidad Francisco Orozco, dieron a conocer el avance de la\niniciativa que pretende dotar de iluminaci\u00f3n la ruta hacia el aeropuerto de\nPunta Arenas.<\/p>\n\n\n\n<p>Las autoridades informaron que el proyecto\nse encuentra avanzando seg\u00fan lo esperado, y que anhelan obtener la\nrecomendaci\u00f3n social de parte del Ministerio de Desarrollo Social en el mes de\ndiciembre, para de esta forma poder solicitar los recursos para su\nmaterializaci\u00f3n al Consejo Regional (CORE). <\/p>\n\n\n\n<p>\u201cQueremos que el pr\u00f3ximo a\u00f1o completemos\nlos 20 kil\u00f3metros que separan a la ciudad con el aeropuerto, con una ruta\ntotalmente iluminada. Somos una ciudad que es muy oscura en invierno, y se\ntrata de un lugar con mucho tr\u00e1fico, principalmente para la comunidad de R\u00edo\nSeco y para quienes transitan desde y hacia el aeropuerto, y con esta medida se\nbusca elevar el est\u00e1ndar de seguridad\u201d, se\u00f1al\u00f3 el Alcalde Radonich. &nbsp;<\/p>\n\n\n\n<p>A\u00f1adi\u00f3 el jefe comunal que \u201cestamos concretando\nun anhelo de la comunidad y doy las gracias al Concejal Flores que ha puesto este\ntema sobre la mesa, a los funcionarios de la Municipalidad que han elaborado\neste proyecto, y al Ministerio de Obras P\u00fablicas con quien abordamos esta iniciativa\ncon colaboraci\u00f3n directa\u201d.<\/p>\n\n\n\n<p>\u201cSe trata de una inversi\u00f3n fundamental, que\npermitir\u00e1 que miles de vecinos que viven en R\u00edo Seco, que trabajan en la\nindustria en el sector norte, los turistas y los pasajeros que se trasladen al\naeropuerto, cuenten con 20 kil\u00f3metros iluminados y una ruta segura\u201d, concluy\u00f3\nRadonich.<\/p>\n\n\n\n<p>Por su parte, el Concejal Flores, junto con\nagradecer al Alcalde de Punta Arenas y al Ministerio de Obras P\u00fablicas por las\ngestiones realizadas, enfatiz\u00f3 en que \u201cqueremos tener una ruta iluminada hacia\nel aeropuerto, no por un lujo, sino por una urgente necesidad, y esperamos que el\ninvierno de 2020 sea el \u00faltimo invierno que pasemos sin contar con una ruta\niluminada\u201d.<\/p>\n\n\n\n<p>Record\u00f3, en tanto, el Seremi de Obras\nP\u00fablicas, que \u201ca ra\u00edz del requerimiento que nos hizo el Alcalde y el Concejal\nFlores, pusimos a disposici\u00f3n todos nuestros equipos t\u00e9cnicos, principalmente\nde la Direcci\u00f3n de Vialidad, y compatibilizamos los intereses en materia de las\ncondiciones de seguridad que debe mantener el tr\u00e1nsito entre quienes se\nmovilizan entre la ciudad y el aeropuerto. De esta manera hemos logrado\nsubsanar las observaciones que nos hab\u00eda planteado Desarrollo Social y estamos muy\ncontentos por ello, por lo que esperamos en el pronto plazo poder materializar\neste proyecto anhelado por toda la comunidad\u201d.&nbsp;&nbsp;&nbsp; &nbsp;&nbsp;<\/p>\n\n\n\n<p>Finalmente, el Director de Vialidad del\nMinisterio de Obras P\u00fablicas, destac\u00f3 que \u201cla iluminaci\u00f3n va a ser un aporte\nmuy grande a la seguridad vial del usuario. Hoy tenemos demarcaci\u00f3n y\nse\u00f1alizaci\u00f3n vertical, pero teniendo el sector iluminado se otorgar\u00e1 un nivel\nmayor de seguridad, considerando que hoy la ruta tiene un alto flujo vehicular\u201d,\nsostuvo Orozco. <\/p>\n","protected":false},"excerpt":{"rendered":"<p>El Alcalde de Punta Arenas Claudio Radonich, Seremi de Obras P\u00fablicas Pablo Rendoll, Concejal German Flores y Director Regional de Vialidad Francisco Orozco, dieron a conocer el avance de la&#8230; <a class=\"read-more\" href=\"https:\/\/www.radiopresidenteibanez.cl\/web\/avanza-proyecto-para-iluminar-ruta-hacia-el-aeropuerto-de-punta-arenas\/\">Leer m\u00e1s<\/a><\/p>\n","protected":false},"author":2,"featured_media":8333,"comment_status":"closed","ping_status":"closed","sticky":false,"template":"","format":"standard","meta":{"footnotes":""},"categories":[1],"tags":[],"class_list":["post-8332","post","type-post","status-publish","format-standard","has-post-thumbnail","hentry","category-cronica"],"_links":{"self":[{"href":"https:\/\/www.radiopresidenteibanez.cl\/web\/wp-json\/wp\/v2\/posts\/8332","targetHints":{"allow":["GET"]}}],"collection":[{"href":"https:\/\/www.radiopresidenteibanez.cl\/web\/wp-json\/wp\/v2\/posts"}],"about":[{"href":"https:\/\/www.radiopresidenteibanez.cl\/web\/wp-json\/wp\/v2\/types\/post"}],"author":[{"embeddable":true,"href":"https:\/\/www.radiopresidenteibanez.cl\/web\/wp-json\/wp\/v2\/users\/2"}],"replies":[{"embeddable":true,"href":"https:\/\/www.radiopresidenteibanez.cl\/web\/wp-json\/wp\/v2\/comments?post=8332"}],"version-history":[{"count":0,"href":"https:\/\/www.radiopresidenteibanez.cl\/web\/wp-json\/wp\/v2\/posts\/8332\/revisions"}],"wp:featuredmedia":[{"embeddable":true,"href":"https:\/\/www.radiopresidenteibanez.cl\/web\/wp-json\/wp\/v2\/media\/8333"}],"wp:attachment":[{"href":"https:\/\/www.radiopresidenteibanez.cl\/web\/wp-json\/wp\/v2\/media?parent=8332"}],"wp:term":[{"taxonomy":"category","embeddable":true,"href":"https:\/\/www.radiopresidenteibanez.cl\/web\/wp-json\/wp\/v2\/categories?post=8332"},{"taxonomy":"post_tag","embeddable":true,"href":"https:\/\/www.radiopresidenteibanez.cl\/web\/wp-json\/wp\/v2\/tags?post=8332"}],"curies":[{"name":"wp","href":"https:\/\/api.w.org\/{rel}","templated":true}]}}