{"id":8259,"date":"2019-11-25T19:38:57","date_gmt":"2019-11-25T19:38:57","guid":{"rendered":"https:\/\/www.radiopresidenteibanez.cl\/web\/?p=8259"},"modified":"2019-11-25T19:39:00","modified_gmt":"2019-11-25T19:39:00","slug":"jovenes-de-aysen-y-magallanes-realizan-giras-tecnicas-y-usan-nuevas-tecnologias-para-mantenerse-en-el-campo","status":"publish","type":"post","link":"https:\/\/www.radiopresidenteibanez.cl\/web\/jovenes-de-aysen-y-magallanes-realizan-giras-tecnicas-y-usan-nuevas-tecnologias-para-mantenerse-en-el-campo\/","title":{"rendered":"J\u00d3VENES DE AYS\u00c9N Y MAGALLANES REALIZAN GIRAS T\u00c9CNICAS Y USAN NUEVAS TECNOLOG\u00cdAS PARA MANTENERSE EN EL CAMPO"},"content":{"rendered":"\n<p>1.409 kil\u00f3metros los separan, pero a diario intercambian\nconocimientos, comparten experiencias exitosas y plantean desaf\u00edos a trav\u00e9s del\ngrupo whasapp \u201cM.J. Ays\u00e9n-Magallanes\u201d y en la red cerrada de Facebook \u201cYo Joven\n&amp; Rural\u201d, comunidad virtual creada por INDAP.&nbsp; Hace pocos d\u00edas, agricultores de ambas\nregiones, se juntaron por segunda vez, ahora en Punta Arenas.&nbsp; Ninguno supera los 35 a\u00f1os y todos asumen\norgullosos el desaf\u00edo de rejuvenecer con \u201cinnovaci\u00f3n e intercambio\u201d el campo\ndel extremo austral del planeta. <\/p>\n\n\n\n<p>\u201cMe llam\u00f3 la atenci\u00f3n la construcci\u00f3n de los invernaderos\nson m\u00e1s s\u00f3lidos. Nosotros ocupamos otros materiales y bien podr\u00edamos adaptar\nlos que ac\u00e1 usan\u201d, adelanta Daniela Oses, joven agricultora de Cerro Galera,\nubicado a 50 kil\u00f3metros de Coyhaique.<\/p>\n\n\n\n<p>En tanto, el ganadero R\u00f3mulo V\u00e1squez, de Villa Cerro\nCastillo, ubicado a 100 kil\u00f3metros de Coyhaique, destac\u00f3 las buenas ideas que a\ndiario salen del contacto entre pares. \u201cHa sido de gran ayuda encontrarnos, nos\nayudamos unos a otros, la idea es no salir del campo, sacarle provecho, hay\nmuchas formas de hacerlo y en peque\u00f1os espacios. Nuestras ideas son innovadoras\ny ojal\u00e1 nos escuchen. Indap nos ha estado apoyando harto, porque el campo se ha\nido envejeciendo. Nosotros somos el renuevo y vamos a levantar el tema\u201d, sentenci\u00f3.<\/p>\n\n\n\n<p>Daniela y R\u00f3mulo, junto a otros cinco j\u00f3venes llegaron desde\nAys\u00e9n hasta Magallanes, acompa\u00f1ados por dos profesionales de INDAP. Durante\ncuatro d\u00edas conocieron varias historias.&nbsp;\nAs\u00ed supieron de Osvaldo Naguelqu\u00edn que riega seis invernaderos de 300\nmetros cuadrado cada uno, con un costo mensual de \u201ccero peso\u201d, gracias a\npaneles fotovoltaicos que mueve los motores para sacar el agua de un pozo y\ntrasladarla varios kil\u00f3metros hasta un sistema tecnologizado de riego por\nmicroaspersi\u00f3n.<\/p>\n\n\n\n<p>Tambi\u00e9n las historias de esfuerzo Sergio Carrasco y sus\nt\u00e9cnicas para producir flores de interior y exterior, el trabajo de\ninvestigaci\u00f3n aplicada que realiza INIA Kampenaike, y la de varios\nemprendedores de Puerto Natales que han hecho de la asociatividad un ejemplo digno\nde imitar.<\/p>\n\n\n\n<p>Al final el balance es positivo.&nbsp; \u201cNos llevamos mucho conocimiento en sistemas\nde captaci\u00f3n y acumulaci\u00f3n de agua, sistemas de riego instalado en los\ncultivos, con utilizaci\u00f3n de energ\u00eda solar, eso nos llam\u00f3 mucho la atenci\u00f3n y\ncreemos que hay muchas iniciativas que podemos replicar\u201d, asegur\u00f3 Nelly P\u00e9rez,\nencargada mujeres rurales y j\u00f3venes de la regi\u00f3n de Ays\u00e9n. <\/p>\n\n\n\n<p>La historia de hermandad comenz\u00f3 varios meses antes cuando\nun grupo de j\u00f3venes de Magallanes viaj\u00f3 hasta Coyhaique para conocer la\nexperiencia org\u00e1nica de sus pares y las pr\u00e1cticas y t\u00e9cnicas utilizadas para\nderrotar el fr\u00edo.<\/p>\n\n\n\n<p>Nirmia Salamanca, agricultora de Puerto Natales, explic\u00f3 que\nel contacto se basa en compartir experiencias y que los j\u00f3venes ponen \u00e9nfasis\nen las nuevas tecnolog\u00edas.<\/p>\n\n\n\n<p>\u201cCuando uno habla de agricultura es necesario perpetuarla\npor el bien del planeta y la alimentaci\u00f3n y sin los j\u00f3venes es impensado\nhacerla, porque no hay futuro. Creemos que trabajar en el campo como lo hac\u00eda\nnuestros padres es sacrificado, m\u00e1s cuando no se implementa tecnolog\u00eda, y en\neso hemos puesto nuestro \u00e9nfasis, en buscar nuevas formas de hacer m\u00e1s pr\u00e1ctico\ny activa la producci\u00f3n\u201d, precis\u00f3.<\/p>\n\n\n\n<p>Una necesidad que encuentra apoyo en INDAP gracias a sus\ndistintos programas especializados en entregar apoyo t\u00e9cnico y financiero a los\nj\u00f3venes. \u201cEstamos contentos de la visita y del intercambio. Tenemos sistemas de\nriego en Magallanes que funcionan bien y se hace necesario masificar y eso hay\nque aprenderlo en terreno\u201d, explic\u00f3 el director regional de INDAP, Petar\nBradasic, tras compartir en una jornada de di\u00e1logo con los j\u00f3venes de las\nregiones australes en el predio de Camilo Bustos.<\/p>\n\n\n\n<p>En este segundo encuentro realizado en Punta Arenas, adem\u00e1s\nde analizar desaf\u00edos, conocer experiencias exitosas en riego, remataron, como\nbuenos patag\u00f3nicos jugando \u201cTruco\u201d, tradicional juego de cartas en el que gana\nel que miente mejor.&nbsp; <\/p>\n","protected":false},"excerpt":{"rendered":"<p>1.409 kil\u00f3metros los separan, pero a diario intercambian conocimientos, comparten experiencias exitosas y plantean desaf\u00edos a trav\u00e9s del grupo whasapp \u201cM.J. Ays\u00e9n-Magallanes\u201d y en la red cerrada de Facebook \u201cYo&#8230; <a class=\"read-more\" href=\"https:\/\/www.radiopresidenteibanez.cl\/web\/jovenes-de-aysen-y-magallanes-realizan-giras-tecnicas-y-usan-nuevas-tecnologias-para-mantenerse-en-el-campo\/\">Leer m\u00e1s<\/a><\/p>\n","protected":false},"author":2,"featured_media":8260,"comment_status":"closed","ping_status":"closed","sticky":false,"template":"","format":"standard","meta":{"footnotes":""},"categories":[1],"tags":[],"class_list":["post-8259","post","type-post","status-publish","format-standard","has-post-thumbnail","hentry","category-cronica"],"_links":{"self":[{"href":"https:\/\/www.radiopresidenteibanez.cl\/web\/wp-json\/wp\/v2\/posts\/8259","targetHints":{"allow":["GET"]}}],"collection":[{"href":"https:\/\/www.radiopresidenteibanez.cl\/web\/wp-json\/wp\/v2\/posts"}],"about":[{"href":"https:\/\/www.radiopresidenteibanez.cl\/web\/wp-json\/wp\/v2\/types\/post"}],"author":[{"embeddable":true,"href":"https:\/\/www.radiopresidenteibanez.cl\/web\/wp-json\/wp\/v2\/users\/2"}],"replies":[{"embeddable":true,"href":"https:\/\/www.radiopresidenteibanez.cl\/web\/wp-json\/wp\/v2\/comments?post=8259"}],"version-history":[{"count":0,"href":"https:\/\/www.radiopresidenteibanez.cl\/web\/wp-json\/wp\/v2\/posts\/8259\/revisions"}],"wp:featuredmedia":[{"embeddable":true,"href":"https:\/\/www.radiopresidenteibanez.cl\/web\/wp-json\/wp\/v2\/media\/8260"}],"wp:attachment":[{"href":"https:\/\/www.radiopresidenteibanez.cl\/web\/wp-json\/wp\/v2\/media?parent=8259"}],"wp:term":[{"taxonomy":"category","embeddable":true,"href":"https:\/\/www.radiopresidenteibanez.cl\/web\/wp-json\/wp\/v2\/categories?post=8259"},{"taxonomy":"post_tag","embeddable":true,"href":"https:\/\/www.radiopresidenteibanez.cl\/web\/wp-json\/wp\/v2\/tags?post=8259"}],"curies":[{"name":"wp","href":"https:\/\/api.w.org\/{rel}","templated":true}]}}