{"id":8253,"date":"2019-11-25T19:19:55","date_gmt":"2019-11-25T19:19:55","guid":{"rendered":"https:\/\/www.radiopresidenteibanez.cl\/web\/?p=8253"},"modified":"2019-11-25T19:19:58","modified_gmt":"2019-11-25T19:19:58","slug":"mop-concluye-construccion-de-puente-rio-grande-en-tierra-del-fuego","status":"publish","type":"post","link":"https:\/\/www.radiopresidenteibanez.cl\/web\/mop-concluye-construccion-de-puente-rio-grande-en-tierra-del-fuego\/","title":{"rendered":"MOP CONCLUYE CONSTRUCCI\u00d3N DE PUENTE R\u00cdO GRANDE EN TIERRA DEL FUEGO"},"content":{"rendered":"\n<p>El Secretario Regional Ministerial de Obras P\u00fablicas, Pablo Rendoll,\nrealiz\u00f3 una visita inspectiva a las obras de reposici\u00f3n del Puente R\u00edo Grande y\nsus accesos, ubicado en el km. 115,00 de la ruta Y-85, sector Cameron \u2013 Vicu\u00f1a,\nen la comuna de Timaukel.<\/p>\n\n\n\n<p>Se trata de una obra en la que se invierten $5.775.112.062, con\nfinanciamiento sectorial, contempl\u00e1ndose una longitud proyectada del puente de\n120,00 metros, los cuales se encuentran distribuidos en cuatro tramos apoyados\nde 30 metros de longitud. <\/p>\n\n\n\n<p>Detall\u00f3 el Seremi de Obras P\u00fablicas, que \u201cel proyecto considera 1.980\nmetros de camino, los cuales cuentan con obras de saneamiento y se\u00f1alizaci\u00f3n,\ndotando a la comuna de Timaukel y a la Provincia de Tierra del Fuego de una\nnueva infraestructura que brindar\u00e1 mayor seguridad vial\u201d.<\/p>\n\n\n\n<p>La nueva obra se emplaza 90 metros aguas abajo del puente colgante\nsituado en el lugar, comprendiendo la superestructura una losa de hormig\u00f3n\narmado de 12,04 metros de ancho y un espesor de 20 cent\u00edmetros, constituida por\nuna calzada de 9 metros de ancho y un pasillo lateral de 1,5 metros de ancho. <\/p>\n\n\n\n<p>Entre otras caracter\u00edsticas, adem\u00e1s contiene barreras de contenci\u00f3n de\nmetal madera y una barrera peatonal de igual material, consider\u00e1ndose tambi\u00e9n\ncuatro vigas met\u00e1licas por tramo de puente, las cuales tienen una altura de 163\ncm y un largo promedio de 29,7 m.<\/p>\n\n\n\n<p>La iniciativa, ejecutada por la Direcci\u00f3n de Vialidad del Ministerio de\nObras P\u00fablicas, presenta un avance de un 90 por ciento, y estar\u00e1 concluida en\nfebrero del pr\u00f3ximo a\u00f1o.<\/p>\n\n\n\n<p>Eso s\u00ed, como constat\u00f3 en terreno el Seremi Pablo Rendoll, la superficie\ndel puente ya se encuentra concluida, restando la demolici\u00f3n de la antigua\ninfraestructura y trabajos anexos.<\/p>\n","protected":false},"excerpt":{"rendered":"<p>El Secretario Regional Ministerial de Obras P\u00fablicas, Pablo Rendoll, realiz\u00f3 una visita inspectiva a las obras de reposici\u00f3n del Puente R\u00edo Grande y sus accesos, ubicado en el km. 115,00&#8230; <a class=\"read-more\" href=\"https:\/\/www.radiopresidenteibanez.cl\/web\/mop-concluye-construccion-de-puente-rio-grande-en-tierra-del-fuego\/\">Leer m\u00e1s<\/a><\/p>\n","protected":false},"author":2,"featured_media":8254,"comment_status":"closed","ping_status":"closed","sticky":false,"template":"","format":"standard","meta":{"footnotes":""},"categories":[1],"tags":[],"class_list":["post-8253","post","type-post","status-publish","format-standard","has-post-thumbnail","hentry","category-cronica"],"_links":{"self":[{"href":"https:\/\/www.radiopresidenteibanez.cl\/web\/wp-json\/wp\/v2\/posts\/8253","targetHints":{"allow":["GET"]}}],"collection":[{"href":"https:\/\/www.radiopresidenteibanez.cl\/web\/wp-json\/wp\/v2\/posts"}],"about":[{"href":"https:\/\/www.radiopresidenteibanez.cl\/web\/wp-json\/wp\/v2\/types\/post"}],"author":[{"embeddable":true,"href":"https:\/\/www.radiopresidenteibanez.cl\/web\/wp-json\/wp\/v2\/users\/2"}],"replies":[{"embeddable":true,"href":"https:\/\/www.radiopresidenteibanez.cl\/web\/wp-json\/wp\/v2\/comments?post=8253"}],"version-history":[{"count":0,"href":"https:\/\/www.radiopresidenteibanez.cl\/web\/wp-json\/wp\/v2\/posts\/8253\/revisions"}],"wp:featuredmedia":[{"embeddable":true,"href":"https:\/\/www.radiopresidenteibanez.cl\/web\/wp-json\/wp\/v2\/media\/8254"}],"wp:attachment":[{"href":"https:\/\/www.radiopresidenteibanez.cl\/web\/wp-json\/wp\/v2\/media?parent=8253"}],"wp:term":[{"taxonomy":"category","embeddable":true,"href":"https:\/\/www.radiopresidenteibanez.cl\/web\/wp-json\/wp\/v2\/categories?post=8253"},{"taxonomy":"post_tag","embeddable":true,"href":"https:\/\/www.radiopresidenteibanez.cl\/web\/wp-json\/wp\/v2\/tags?post=8253"}],"curies":[{"name":"wp","href":"https:\/\/api.w.org\/{rel}","templated":true}]}}