{"id":8249,"date":"2019-11-25T13:09:16","date_gmt":"2019-11-25T13:09:16","guid":{"rendered":"https:\/\/www.radiopresidenteibanez.cl\/web\/?p=8249"},"modified":"2019-11-25T13:09:20","modified_gmt":"2019-11-25T13:09:20","slug":"consejo-regional-aprobo-los-fondos-para-la-reposicion-del-cesfam-thomas-fenton-que-beneficiara-a-mas-de-12-mil-usuarios-con-los-mas-altos-estandares-de-calidad","status":"publish","type":"post","link":"https:\/\/www.radiopresidenteibanez.cl\/web\/consejo-regional-aprobo-los-fondos-para-la-reposicion-del-cesfam-thomas-fenton-que-beneficiara-a-mas-de-12-mil-usuarios-con-los-mas-altos-estandares-de-calidad\/","title":{"rendered":"CONSEJO REGIONAL APROB\u00d3 LOS FONDOS PARA LA REPOSICI\u00d3N DEL CESFAM THOMAS FENTON QUE BENEFICIARA A M\u00c1S DE 12 MIL USUARIOS, CON LOS M\u00c1S ALTOS EST\u00c1NDARES DE CALIDAD"},"content":{"rendered":"\n<p>Una buena noticia para Punta Arenas es el trabajo\nmancomunado entre el Gobierno Regional y el Consejo Regional, que permiti\u00f3 la\naprobaci\u00f3n del proyecto de Reposici\u00f3n del Cesfam Thomas Fenton de la Ciudad de\nPunta Arenas, instancia que beneficiara a m\u00e1s de 12 mil usuarios, mejorando su\ncalidad de vida y muy importante sin influir en su atenci\u00f3n ya que este estar\u00e1\nubicado en el ex centro de rehabilitaci\u00f3n en calle suiza lo que permitir\u00e1\ncontinuar con las atenciones mientras se construye el nuevo cesfam.<\/p>\n\n\n\n<p>Se espera que para el mes de marzo aproximadamente se\npueda licitar esta importante iniciativa que demorara alrededor de 18 meses en\nsus obras civiles, con una inversi\u00f3n que comprenden M$4.373.793\nen Construcci\u00f3n de 2.741,89 m<sup>2<\/sup> (remodelaci\u00f3n superficie existente\nm\u00e1s una ampliaci\u00f3n) y M$ 1.009.910 que suman los costos en Equipos y\nEquipamiento.&nbsp; Adicionalmente se\npresentan costos para Consultor\u00edas valorizados en M$185.300 y Otros Gastos por\nM$54.000.-<\/p>\n\n\n\n<p>Los\nCEFAM, tienen como funci\u00f3n proporcionar los cuidados b\u00e1sicos de salud bajo el\nModelo de Salud Integral con enfoque Familiar y Comunitario, y por ende son los\nestablecimientos m\u00e1s cercanos a las personas y su entorno, permitiendo prevenir\na las familias en salud y enfermedades durante todo su ciclo de vida.<\/p>\n\n\n\n<p>En\neste contexto y con la finalidad de entregar al usuario una prestaci\u00f3n a nivel\nprimario acorde a los par\u00e1metros establecidos por MINSAL, considerando que \u00e9sta\nse realice de manera eficiente, oportuna, equitativa y de calidad es que el\npresente proyecto de inversi\u00f3n en su etapa de dise\u00f1o considera la Normalizaci\u00f3n\ndel Centro de Salud Familiar (CESFAM) Dr. Thomas Fenton ubicado en la comuna de\nPunta Arenas, lo anterior redunda en la finalidad de aplicar de manera \u00f3ptima\nel modelo de atenci\u00f3n con enfoque familiar.<\/p>\n\n\n\n<p>La mejor soluci\u00f3n contempla la Relocalizaci\u00f3n del CESFAM\nconsiderando una infraestructura existente y disponible (ex Centro de\nRehabilitaci\u00f3n), el cual, seg\u00fan\nlos c\u00e1lculos expuestos, otorga los valores m\u00e1s bajos del costo equivalente por\natenci\u00f3n, indicador que se utiliza para la elecci\u00f3n de alternativa \u00f3ptima. <\/p>\n\n\n\n<p>Esta iniciativa de inversi\u00f3n trata de solucionar el\nd\u00e9ficit de infraestructura existente, que permita cumplir con las pol\u00edticas\nsociales de salud y a la vez, optimizar la calidad de atenci\u00f3n a los usuarios\ndel establecimiento. La cual permite poder dar respuesta a las nuevas necesidades\nde la comunidad que asiste por las diversas prestaciones que en CESFAM se otorgan,\na trav\u00e9s de solucionar el d\u00e9ficit de infraestructura existente,&nbsp; como as\u00ed tambi\u00e9n, poder entregar a los\nprofesionales m\u00e9dicos y no m\u00e9dicos que en \u00e9l se desempe\u00f1an las condiciones\nadecuadas de funcionamiento, pudiendo as\u00ed, mejorar la eficiencia del reciento\nen su conjunto, el uso de recursos y los tiempos de atenci\u00f3n, y a la vez\ncumplir con las pol\u00edticas sociales de salud.<\/p>\n\n\n\n<p>La\nRelocalizaci\u00f3n del CESFAM Thomas Fenton, tiene una superficie dise\u00f1ada de <strong>2.741,89<\/strong><strong>m<sup>2<\/sup><\/strong>, incluyendo en su PMA los boxes necesarios\npara atender a una poblaci\u00f3n per c\u00e1pita de 12.000 habitantes. Junto con el\nequipo y equipamiento que complementen el \u00f3ptimo accionar del establecimiento.<\/p>\n","protected":false},"excerpt":{"rendered":"<p>Una buena noticia para Punta Arenas es el trabajo mancomunado entre el Gobierno Regional y el Consejo Regional, que permiti\u00f3 la aprobaci\u00f3n del proyecto de Reposici\u00f3n del Cesfam Thomas Fenton&#8230; <a class=\"read-more\" href=\"https:\/\/www.radiopresidenteibanez.cl\/web\/consejo-regional-aprobo-los-fondos-para-la-reposicion-del-cesfam-thomas-fenton-que-beneficiara-a-mas-de-12-mil-usuarios-con-los-mas-altos-estandares-de-calidad\/\">Leer m\u00e1s<\/a><\/p>\n","protected":false},"author":2,"featured_media":8250,"comment_status":"closed","ping_status":"closed","sticky":false,"template":"","format":"standard","meta":{"footnotes":""},"categories":[1],"tags":[],"class_list":["post-8249","post","type-post","status-publish","format-standard","has-post-thumbnail","hentry","category-cronica"],"_links":{"self":[{"href":"https:\/\/www.radiopresidenteibanez.cl\/web\/wp-json\/wp\/v2\/posts\/8249","targetHints":{"allow":["GET"]}}],"collection":[{"href":"https:\/\/www.radiopresidenteibanez.cl\/web\/wp-json\/wp\/v2\/posts"}],"about":[{"href":"https:\/\/www.radiopresidenteibanez.cl\/web\/wp-json\/wp\/v2\/types\/post"}],"author":[{"embeddable":true,"href":"https:\/\/www.radiopresidenteibanez.cl\/web\/wp-json\/wp\/v2\/users\/2"}],"replies":[{"embeddable":true,"href":"https:\/\/www.radiopresidenteibanez.cl\/web\/wp-json\/wp\/v2\/comments?post=8249"}],"version-history":[{"count":0,"href":"https:\/\/www.radiopresidenteibanez.cl\/web\/wp-json\/wp\/v2\/posts\/8249\/revisions"}],"wp:featuredmedia":[{"embeddable":true,"href":"https:\/\/www.radiopresidenteibanez.cl\/web\/wp-json\/wp\/v2\/media\/8250"}],"wp:attachment":[{"href":"https:\/\/www.radiopresidenteibanez.cl\/web\/wp-json\/wp\/v2\/media?parent=8249"}],"wp:term":[{"taxonomy":"category","embeddable":true,"href":"https:\/\/www.radiopresidenteibanez.cl\/web\/wp-json\/wp\/v2\/categories?post=8249"},{"taxonomy":"post_tag","embeddable":true,"href":"https:\/\/www.radiopresidenteibanez.cl\/web\/wp-json\/wp\/v2\/tags?post=8249"}],"curies":[{"name":"wp","href":"https:\/\/api.w.org\/{rel}","templated":true}]}}