{"id":8242,"date":"2019-11-25T12:17:24","date_gmt":"2019-11-25T12:17:24","guid":{"rendered":"https:\/\/www.radiopresidenteibanez.cl\/web\/?p=8242"},"modified":"2019-11-25T12:17:28","modified_gmt":"2019-11-25T12:17:28","slug":"autoridades-dieron-el-vamos-a-los-dialogos-ciudadanos-en-magallanes","status":"publish","type":"post","link":"https:\/\/www.radiopresidenteibanez.cl\/web\/autoridades-dieron-el-vamos-a-los-dialogos-ciudadanos-en-magallanes\/","title":{"rendered":"AUTORIDADES DIERON EL VAMOS A LOS DI\u00c1LOGOS CIUDADANOS EN MAGALLANES"},"content":{"rendered":"\n<p>El Intendente Regional, Jos\u00e9 Fernandez D\u00fcbrock, junto a la\nSeremi de Desarrollo Social y Familia, Liz Casanueva M\u00e9ndez, dieron a conocer a\ntrav\u00e9s de un punto de prensa \u201cEl Chile que Queremos\u201d, iniciativa de di\u00e1logos y\nescucha social para avanzar en nuevas propuestas.<\/p>\n\n\n\n<p>En la ocasi\u00f3n la Seremi de Desarrollo Social y Familia, Liz\nCasanueva, se\u00f1al\u00f3 que \u201ca trav\u00e9s de la escucha ciudadana se crear\u00e1 un nuevo\nparadigma de partici\u00f3n en el Chile que Queremos, la propuesta a trabajar es a\ntrav\u00e9s de una plataforma&nbsp; web en donde\nse&nbsp; indicar\u00e1 cu\u00e1les son los resultados de\ncada uno de los di\u00e1logos o cabildos, que ya han sido realizados, tambi\u00e9n se\npodr\u00e1 contestar de manera individual, y por supuesto quienes necesiten apoyo\npara poder realizar un di\u00e1logo podr\u00e1n descargar un acta y la gu\u00eda de\norientaci\u00f3n, la plataforma web es www.chilequequeremos.cl\u201d. All\u00ed se recoger\u00e1n\ntodas las propuestas para construir en conjunto nuevas planteamientos para el\npa\u00eds. <\/p>\n\n\n\n<p>Para velar por la transparencia del proceso, El Chile que\nQueremos cuenta con un Consejo de Observadores para el proceso de la escucha\nsocial, compuesto por 8 integrantes quienes adem\u00e1s elaborar\u00e1n un informe\np\u00fablico y propondr\u00e1n recomendaciones para instalar el di\u00e1logo como un proceso\nformal de participaci\u00f3n para la elaboraci\u00f3n de pol\u00edticas p\u00fablicas en nuestro\npa\u00eds.<\/p>\n\n\n\n<p>Esta iniciativa es un trabajo en conjunto entre los\nministerios de Desarrollo Social y Familia, de Ciencias, Tecnolog\u00eda,\nConocimiento e Innovaci\u00f3n, de Agricultura; y la Secretar\u00eda General de Gobierno.<\/p>\n\n\n\n<p>En el lanzamiento oficial realizado esta ma\u00f1ana en el\npalacio de la Moneda el ministro de Desarrollo Social y Familia, Sebasti\u00e1n\nSichel destac\u00f3 que \u201cQueremos hacer m\u00e1s f\u00e1cil el di\u00e1logo que ya est\u00e1 ocurriendo entre\nlos ciudadanos, pero tambi\u00e9n queremos hacerlo m\u00e1s transformador, que cumpla el\nobjetivo que es reconstruir la confianza y la cohesi\u00f3n social, pero sobre todo\nproponer una agenda para Chile que sea capaz de encausar las demandas,\nmalestares y dolores en resultados y acciones concretas en el mediano plazo\u201d.<\/p>\n","protected":false},"excerpt":{"rendered":"<p>El Intendente Regional, Jos\u00e9 Fernandez D\u00fcbrock, junto a la Seremi de Desarrollo Social y Familia, Liz Casanueva M\u00e9ndez, dieron a conocer a trav\u00e9s de un punto de prensa \u201cEl Chile&#8230; <a class=\"read-more\" href=\"https:\/\/www.radiopresidenteibanez.cl\/web\/autoridades-dieron-el-vamos-a-los-dialogos-ciudadanos-en-magallanes\/\">Leer m\u00e1s<\/a><\/p>\n","protected":false},"author":2,"featured_media":8243,"comment_status":"closed","ping_status":"closed","sticky":false,"template":"","format":"standard","meta":{"footnotes":""},"categories":[1],"tags":[],"class_list":["post-8242","post","type-post","status-publish","format-standard","has-post-thumbnail","hentry","category-cronica"],"_links":{"self":[{"href":"https:\/\/www.radiopresidenteibanez.cl\/web\/wp-json\/wp\/v2\/posts\/8242","targetHints":{"allow":["GET"]}}],"collection":[{"href":"https:\/\/www.radiopresidenteibanez.cl\/web\/wp-json\/wp\/v2\/posts"}],"about":[{"href":"https:\/\/www.radiopresidenteibanez.cl\/web\/wp-json\/wp\/v2\/types\/post"}],"author":[{"embeddable":true,"href":"https:\/\/www.radiopresidenteibanez.cl\/web\/wp-json\/wp\/v2\/users\/2"}],"replies":[{"embeddable":true,"href":"https:\/\/www.radiopresidenteibanez.cl\/web\/wp-json\/wp\/v2\/comments?post=8242"}],"version-history":[{"count":0,"href":"https:\/\/www.radiopresidenteibanez.cl\/web\/wp-json\/wp\/v2\/posts\/8242\/revisions"}],"wp:featuredmedia":[{"embeddable":true,"href":"https:\/\/www.radiopresidenteibanez.cl\/web\/wp-json\/wp\/v2\/media\/8243"}],"wp:attachment":[{"href":"https:\/\/www.radiopresidenteibanez.cl\/web\/wp-json\/wp\/v2\/media?parent=8242"}],"wp:term":[{"taxonomy":"category","embeddable":true,"href":"https:\/\/www.radiopresidenteibanez.cl\/web\/wp-json\/wp\/v2\/categories?post=8242"},{"taxonomy":"post_tag","embeddable":true,"href":"https:\/\/www.radiopresidenteibanez.cl\/web\/wp-json\/wp\/v2\/tags?post=8242"}],"curies":[{"name":"wp","href":"https:\/\/api.w.org\/{rel}","templated":true}]}}